{"id":11253,"date":"2022-11-22T16:27:36","date_gmt":"2022-11-22T16:27:36","guid":{"rendered":"https:\/\/discerningdeacons.org\/?p=11253"},"modified":"2023-02-06T19:36:54","modified_gmt":"2023-02-06T19:36:54","slug":"to-truly-see","status":"publish","type":"post","link":"https:\/\/discerningdeacons.org\/es\/to-truly-see\/","title":{"rendered":"Realmente Ver, Reconocer y Apreciar"},"content":{"rendered":"<div data-elementor-type=\"wp-post\" data-elementor-id=\"11253\" class=\"elementor elementor-11253\" data-elementor-post-type=\"post\">\n\t\t\t\t\t\t<section class=\"elementor-section elementor-top-section elementor-element elementor-element-69336806 elementor-section-boxed elementor-section-height-default elementor-section-height-default\" data-id=\"69336806\" data-element_type=\"section\" data-e-type=\"section\" data-settings=\"{&quot;jet_parallax_layout_list&quot;:[]}\">\n\t\t\t\t\t\t<div class=\"elementor-container elementor-column-gap-default\">\n\t\t\t\t\t<div class=\"elementor-column elementor-col-100 elementor-top-column elementor-element elementor-element-2f3fd7ec\" data-id=\"2f3fd7ec\" data-element_type=\"column\" data-e-type=\"column\">\n\t\t\t<div class=\"elementor-widget-wrap elementor-element-populated\">\n\t\t\t\t\t\t<div class=\"elementor-element elementor-element-5b0c2cc9 elementor-widget elementor-widget-text-editor\" data-id=\"5b0c2cc9\" data-element_type=\"widget\" data-e-type=\"widget\" data-widget_type=\"text-editor.default\">\n\t\t\t\t<div class=\"elementor-widget-container\">\n\t\t\t\t\t\t\t\t\t<p dir=\"ltr\" data-redactor-style-cache=\"text-align: center;\"><span style=\"background-color: var( --e-global-color-26bb8c7 ); color: var( --e-global-color-text ); font-family: var( --e-global-typography-text-font-family ), Sans-serif; font-size: var( --e-global-typography-text-font-size ); font-weight: var( --e-global-typography-text-font-weight );\">Vine a Seattle desde Nueva Jersey en 1982 para servir como voluntario jesuita en la parroquia Saint Joseph. Una de mis razones era discernir una vocaci\u00f3n al sacerdocio. La iglesia local estaba viva bajo el liderazgo del Arzobispo Hunthausen, donde todos (laicos y cl\u00e9rigos) estaban invitados a compartir sus dones al servicio del pueblo de Dios.<\/span><\/p><p dir=\"ltr\">Conoc\u00ed a mi esposa Cyndy dos a\u00f1os m\u00e1s tarde y eso cerr\u00f3 la puerta a convertirme en sacerdote cat\u00f3lico, pero segu\u00eda sinti\u00e9ndome llamado al ministerio. Con una licenciatura en Econom\u00eda, volv\u00ed a estudiar en la Universidad de Seattle y, despu\u00e9s de tres veranos, obtuve un M\u00e1ster en Ministerio.<\/p><p dir=\"ltr\">Trabaj\u00e9 como personal laico durante 15 a\u00f1os cuando el arzobispo Brunett decidi\u00f3 convocar una nueva clase de di\u00e1conos permanentes despu\u00e9s de que su predecesor, el arzobispo Hunthausen, hubiera puesto en pausa el diaconado permanente hasta que se resolviera la cuesti\u00f3n de la ordenaci\u00f3n de mujeres di\u00e1conos.<\/p><p dir=\"ltr\">Cuando me enter\u00e9 de la reapertura del diaconado, supe en mi coraz\u00f3n que estaba llamada a solicitarlo. Pero tambi\u00e9n me enfrent\u00e9 a la ira y la incredulidad de algunos de mis colegas laicos, especialmente de las mujeres, que se preguntaban por qu\u00e9 lo hac\u00eda sabiendo que ellas no ten\u00edan la misma oportunidad.<\/p><p dir=\"ltr\">Esto continu\u00f3 siendo una tensi\u00f3n para m\u00ed y todav\u00eda lo es hoy, despu\u00e9s de haber sido ordenado durante casi 20 a\u00f1os. Decid\u00ed que podr\u00eda hacer m\u00e1s para trabajar por el cambio dentro de la iglesia, especialmente construyendo puentes como colaborador y aliado tanto de mis compa\u00f1eros del clero como de mis colegas laicos.<\/p><p dir=\"ltr\">En 2019 tuve el privilegio de predicar en la misa de funeral de una mujer incre\u00edble, Sue Grady. Ella se tom\u00f3 muy en serio sus promesas bautismales, ungida con el crisma de la salvaci\u00f3n, como Sacerdote, Profeta y Rey. Se sinti\u00f3 llamada a ser ordenada como di\u00e1cono.<\/p><p dir=\"ltr\">En su\u00a0<a href=\"http:\/\/catholicwomendeacons.org\/profiles\/suzanne-grady\" target=\"_blank\" rel=\"noopener\">perfil<\/a>\u00a0en <a href=\"http:\/\/catholicwomendeacons.org\/\" target=\"_blank\" rel=\"noopener\">CatholicWomenDeacons.org<\/a>(ingl\u00e9s), escribi\u00f3:<\/p>\t\t\t\t\t\t\t\t<\/div>\n\t\t\t\t<\/div>\n\t\t\t\t<section class=\"elementor-section elementor-inner-section elementor-element elementor-element-45a4679 elementor-section-boxed elementor-section-height-default elementor-section-height-default\" data-id=\"45a4679\" data-element_type=\"section\" data-e-type=\"section\" data-settings=\"{&quot;jet_parallax_layout_list&quot;:[]}\">\n\t\t\t\t\t\t<div class=\"elementor-container elementor-column-gap-default\">\n\t\t\t\t\t<div class=\"elementor-column elementor-col-50 elementor-inner-column elementor-element elementor-element-9819085\" data-id=\"9819085\" data-element_type=\"column\" data-e-type=\"column\">\n\t\t\t<div class=\"elementor-widget-wrap\">\n\t\t\t\t\t\t\t<\/div>\n\t\t<\/div>\n\t\t\t\t<div class=\"elementor-column elementor-col-50 elementor-inner-column elementor-element elementor-element-9826d88\" data-id=\"9826d88\" data-element_type=\"column\" data-e-type=\"column\">\n\t\t\t<div class=\"elementor-widget-wrap elementor-element-populated\">\n\t\t\t\t\t\t<div class=\"elementor-element elementor-element-04a85e7 elementor-widget elementor-widget-text-editor\" data-id=\"04a85e7\" data-element_type=\"widget\" data-e-type=\"widget\" data-widget_type=\"text-editor.default\">\n\t\t\t\t<div class=\"elementor-widget-container\">\n\t\t\t\t\t\t\t\t\t<p dir=\"ltr\" data-redactor-style-cache=\"text-align: center;\"><span style=\"background-color: var( --e-global-color-26bb8c7 ); color: var( --e-global-color-text ); font-family: var( --e-global-typography-text-font-family ), Sans-serif; font-size: var( --e-global-typography-text-font-size ); font-weight: var( --e-global-typography-text-font-weight );\">\"Nuestro Divino Creador me ha bendecido con muchas gracias. Me gradu\u00e9 con una Maestr\u00eda en Divinidad en 2010, uni\u00e9ndome a mi hijo en la Universidad de Seattle cuando se gradu\u00f3 en ingenier\u00eda el\u00e9ctrica. Tengo muchas ganas de arrodillarme en el altar y comprometerme con el Obispo y la Iglesia.Todav\u00eda espero y rezo por la oportunidad de servir como di\u00e1cono. Tengo 75 a\u00f1os y tristemente s\u00e9 que no me quedan muchos a\u00f1os para tener la oportunidad de servir a mi iglesia. Pero conf\u00edo en la obra del Esp\u00edritu en nuestra Iglesia y espero que el Papa diga 'S\u00cd'\".<\/span><\/p><p>\u00a0<\/p>\t\t\t\t\t\t\t\t<\/div>\n\t\t\t\t<\/div>\n\t\t\t\t\t<\/div>\n\t\t<\/div>\n\t\t\t\t\t<\/div>\n\t\t<\/section>\n\t\t\t\t<div class=\"elementor-element elementor-element-44afde2 elementor-widget elementor-widget-text-editor\" data-id=\"44afde2\" data-element_type=\"widget\" data-e-type=\"widget\" data-widget_type=\"text-editor.default\">\n\t\t\t\t<div class=\"elementor-widget-container\">\n\t\t\t\t\t\t\t\t\t<p dir=\"ltr\">Al final de mi homil\u00eda en el funeral de Sue, dije:<\/p>\t\t\t\t\t\t\t\t<\/div>\n\t\t\t\t<\/div>\n\t\t\t\t<section class=\"elementor-section elementor-inner-section elementor-element elementor-element-fcd16ce elementor-section-boxed elementor-section-height-default elementor-section-height-default\" data-id=\"fcd16ce\" data-element_type=\"section\" data-e-type=\"section\" data-settings=\"{&quot;jet_parallax_layout_list&quot;:[]}\">\n\t\t\t\t\t\t<div class=\"elementor-container elementor-column-gap-default\">\n\t\t\t\t\t<div class=\"elementor-column elementor-col-50 elementor-inner-column elementor-element elementor-element-7dcb05e\" data-id=\"7dcb05e\" data-element_type=\"column\" data-e-type=\"column\">\n\t\t\t<div class=\"elementor-widget-wrap\">\n\t\t\t\t\t\t\t<\/div>\n\t\t<\/div>\n\t\t\t\t<div class=\"elementor-column elementor-col-50 elementor-inner-column elementor-element elementor-element-6e3a3bd\" data-id=\"6e3a3bd\" data-element_type=\"column\" data-e-type=\"column\">\n\t\t\t<div class=\"elementor-widget-wrap elementor-element-populated\">\n\t\t\t\t\t\t<div class=\"elementor-element elementor-element-d1f6498 elementor-widget elementor-widget-text-editor\" data-id=\"d1f6498\" data-element_type=\"widget\" data-e-type=\"widget\" data-widget_type=\"text-editor.default\">\n\t\t\t\t<div class=\"elementor-widget-container\">\n\t\t\t\t\t\t\t\t\t<p dir=\"ltr\" data-redactor-style-cache=\"text-align: center;\">\"Lo que la Iglesia no pudo dar a Sue en esta vida, quiero d\u00e1rselo ahora. No como simple muestra de lo que podr\u00eda haber sido, sino siguiendo el esp\u00edritu de Sue para que nos inspire a trabajar por un cambio estructural en nuestra iglesia\". Parte de la ceremonia de ordenaci\u00f3n para el diaconado permanente es ser investido por un di\u00e1cono ordenado. Quiero terminar mi reflexi\u00f3n de esta noche confiriendo a Sue... una de mis estolas diaconales. Sue cre\u00eda que nada es imposible para Dios y con Dios\".<br \/><br \/><\/p>\t\t\t\t\t\t\t\t<\/div>\n\t\t\t\t<\/div>\n\t\t\t\t\t<\/div>\n\t\t<\/div>\n\t\t\t\t\t<\/div>\n\t\t<\/section>\n\t\t\t\t<div class=\"elementor-element elementor-element-7a6928a elementor-widget elementor-widget-text-editor\" data-id=\"7a6928a\" data-element_type=\"widget\" data-e-type=\"widget\" data-widget_type=\"text-editor.default\">\n\t\t\t\t<div class=\"elementor-widget-container\">\n\t\t\t\t\t\t\t\t\t<p dir=\"ltr\" data-redactor-style-cache=\"text-align: center;\"><span style=\"background-color: var( --e-global-color-26bb8c7 ); color: var( --e-global-color-text ); font-family: var( --e-global-typography-text-font-family ), Sans-serif; font-size: var( --e-global-typography-text-font-size ); font-weight: var( --e-global-typography-text-font-weight );\">Aqu\u00ed estamos en 2022, y quiero decirles por qu\u00e9 apoyo el trabajo de Discerning Deacons.<\/span><\/p><p dir=\"ltr\">El a\u00f1o pasado, antes de participar en un par de reuniones de zoom organizadas por Discerning Deacons, era, sinceramente, un poco c\u00ednico. \"\u00bfQu\u00e9 hay para discernir?\" pensaba.<\/p><p dir=\"ltr\"><span style=\"background-color: var( --e-global-color-26bb8c7 ); color: var( --e-global-color-text ); font-family: var( --e-global-typography-text-font-family ), Sans-serif; font-size: var( --e-global-typography-text-font-size ); font-weight: var( --e-global-typography-text-font-weight );\">He trabajado con tantas mujeres talentosas, devotas y dotadas a lo largo de mis muchos a\u00f1os, que cuanto menos merec\u00edan la misma oportunidad que yo de seguir su vocaci\u00f3n y recibir la gracia en el sacramento de la ordenaci\u00f3n.<\/span><\/p><p dir=\"ltr\" data-redactor-style-cache=\"text-align: center;\"><span style=\"background-color: var( --e-global-color-26bb8c7 ); color: var( --e-global-color-text ); font-family: var( --e-global-typography-text-font-family ), Sans-serif; font-size: var( --e-global-typography-text-font-size ); font-weight: var( --e-global-typography-text-font-weight );\">Pero la puerta sigue cerrada. Muchas han abandonado la Iglesia... algunas buscan la ordenaci\u00f3n en otras denominaciones. Qu\u00e9 triste, y qu\u00e9 p\u00e9rdida para la Iglesia.<\/span><\/p><p dir=\"ltr\" data-redactor-style-cache=\"text-align: center;\"><span style=\"background-color: var( --e-global-color-26bb8c7 ); color: var( --e-global-color-text ); font-family: var( --e-global-typography-text-font-family ), Sans-serif; font-size: var( --e-global-typography-text-font-size ); font-weight: var( --e-global-typography-text-font-weight );\">Me puse en contacto con Anna Robertson, una feligresa que recientemente se uni\u00f3 al personal de Discerning Deacons, para compartir un poco de mi historia \u2013 y algo cambi\u00f3 en m\u00ed.<\/span><\/p><p dir=\"ltr\">Escuch\u00e9 la llamada a reconstruir la iglesia... de una manera nueva. A utilizar mi posici\u00f3n como di\u00e1cono permanente masculino para abogar por la ordenaci\u00f3n de mujeres como di\u00e1conos. Ahora entiendo por qu\u00e9 Discerning Deacons hace el trabajo que hace, y te animo a participar.<\/p><p dir=\"ltr\" data-redactor-style-cache=\"text-align: center;\"><span style=\"background-color: var( --e-global-color-26bb8c7 ); color: var( --e-global-color-text ); font-family: var( --e-global-typography-text-font-family ), Sans-serif; font-size: var( --e-global-typography-text-font-size );\">Los recientes informes de s\u00edntesis del s\u00ednodo, tanto de la <\/span><a style=\"font-family: var( --e-global-typography-text-font-family ), Sans-serif; font-size: var( --e-global-typography-text-font-size ); font-weight: var( --e-global-typography-text-font-weight );\" href=\"https:\/\/archseattle.org\/wp-content\/uploads\/2022\/06\/Final-Synthesis-with-appendix-min.pdf\" target=\"_blank\" rel=\"noopener\">Arquidi\u00f3cesis de Seattle<\/a><span style=\"background-color: var( --e-global-color-26bb8c7 ); color: var( --e-global-color-text ); font-family: var( --e-global-typography-text-font-family ), Sans-serif; font-size: var( --e-global-typography-text-font-size );\"> y a a la <\/span><a style=\"font-family: var( --e-global-typography-text-font-family ), Sans-serif; font-size: var( --e-global-typography-text-font-size ); font-weight: var( --e-global-typography-text-font-weight );\" href=\"https:\/\/www.usccb.org\/resources\/USNationalSynthesis2021-2023Synod(Spanish).pdf\" target=\"_blank\" rel=\"noopener\">Conferencia de Obispos Cat\u00f3licos de Estados Unidos<\/a><span style=\"background-color: var( --e-global-color-26bb8c7 ); color: var( --e-global-color-text ); font-family: var( --e-global-typography-text-font-family ), Sans-serif; font-size: var( --e-global-typography-text-font-size );\"> , afirman que la ordenaci\u00f3n de mujeres surgi\u00f3 no tanto como \"una soluci\u00f3n al problema de la falta de sacerdotes, sino como una cuesti\u00f3n de justicia\".<\/span><\/p><p dir=\"ltr\">Sigo teniendo esperanzas, y gracias al trabajo de Discerning Deacons, quiero que todos miremos alrededor de esta iglesia, nuestra iglesia, y que REALMENTE VEAMOS, RECONOZCAMOS y APRECIEMOS los muchos dones, la fe y el compromiso de servir que las mujeres aportan a nuestra iglesia.<\/p><p dir=\"ltr\">En las palabras del profeta Isa\u00edas, \"Mira que estoy haciendo algo nuevo. \u00bfNo lo percibes?\"<\/p>\t\t\t\t\t\t\t\t<\/div>\n\t\t\t\t<\/div>\n\t\t\t\t\t<\/div>\n\t\t<\/div>\n\t\t\t\t\t<\/div>\n\t\t<\/section>\n\t\t\t\t<section class=\"elementor-section elementor-top-section elementor-element elementor-element-5b7367b elementor-section-boxed elementor-section-height-default elementor-section-height-default\" data-id=\"5b7367b\" data-element_type=\"section\" data-e-type=\"section\" data-settings=\"{&quot;jet_parallax_layout_list&quot;:[]}\">\n\t\t\t\t\t\t<div class=\"elementor-container elementor-column-gap-default\">\n\t\t\t\t\t<div class=\"elementor-column elementor-col-100 elementor-top-column elementor-element elementor-element-768b0df\" data-id=\"768b0df\" data-element_type=\"column\" data-e-type=\"column\">\n\t\t\t<div class=\"elementor-widget-wrap elementor-element-populated\">\n\t\t\t\t\t\t<div class=\"elementor-element elementor-element-c3b3c3a elementor-author-box--layout-image-left elementor-widget elementor-widget-author-box\" data-id=\"c3b3c3a\" data-element_type=\"widget\" data-e-type=\"widget\" data-widget_type=\"author-box.default\">\n\t\t\t\t<div class=\"elementor-widget-container\">\n\t\t\t\t\t\t\t<div class=\"elementor-author-box\">\n\t\t\t\t\t\t\t<div  class=\"elementor-author-box__avatar\">\n\t\t\t\t\t<img decoding=\"async\" src=\"https:\/\/discerningdeacons.org\/wp-content\/uploads\/2022\/11\/Deacon-Steve-Wodzanowski-e1669152420397.jpg\" alt=\"Picture of Deacon Steve Wodzanowski\" loading=\"lazy\">\n\t\t\t\t<\/div>\n\t\t\t\n\t\t\t<div class=\"elementor-author-box__text\">\n\t\t\t\t\t\t\t\t\t<div >\n\t\t\t\t\t\t<h4 class=\"elementor-author-box__name\">\n\t\t\t\t\t\t\tDi\u00e1cono Steve Wodzanowski\t\t\t\t\t\t<\/h4>\n\t\t\t\t\t<\/div>\n\t\t\t\t\n\t\t\t\t\n\t\t\t\t\t\t\t<\/div>\n\t\t<\/div>\n\t\t\t\t\t\t<\/div>\n\t\t\t\t<\/div>\n\t\t\t\t<div class=\"elementor-element elementor-element-0f14760 elementor-widget elementor-widget-text-editor\" data-id=\"0f14760\" data-element_type=\"widget\" data-e-type=\"widget\" data-widget_type=\"text-editor.default\">\n\t\t\t\t<div class=\"elementor-widget-container\">\n\t\t\t\t\t\t\t\t\t<p><em>El di\u00e1cono Steve Wodzanowski sirve como asociado pastoral en la\u00a0<\/em><a href=\"https:\/\/www.stjosephparish.org\/\" target=\"_blank\" rel=\"noopener\"><em>parroquia Saint Joseph<\/em><\/a><em>\u00a0(ingl\u00e9s) de Seattle.\u00a0<\/em><em>La parroquia celebr\u00f3 a Santa Febe en las misas del 30 de octubre. Las liturgias comenzaron con la canci\u00f3n \"Christ as Her Vision\" (Cristo como Su Visi\u00f3n por Bernadette Farrell) e incluyeron\u00a0<\/em><a href=\"https:\/\/soundcloud.com\/stjosephparish\/103022-thirty-first-sunday-in-ordinary-time-dn-steve-wodzanowski?utm_source=clipboard&amp;utm_campaign=wtshare&amp;utm_medium=widget&amp;utm_content=https%253A%252F%252Fsoundcloud.com%252Fstjosephparish%252F103022-thirty-first-sunday-in-ordinary-time-dn-steve-wodzanowski\" target=\"_blank\" rel=\"noopener\"><em>una homil\u00eda\u00a0<\/em><\/a><em>(ingl\u00e9s) en la que el Di\u00e1cono Steve comparti\u00f3 su propio compromiso de apoyar a las mujeres con un llamado al diaconado y\u00a0<\/em><a href=\"https:\/\/soundcloud.com\/stjosephparish\/discerning-deacons-anna-robertson-103022?utm_source=clipboard&amp;utm_campaign=wtshare&amp;utm_medium=widget&amp;utm_content=https%253A%252F%252Fsoundcloud.com%252Fstjosephparish%252Fdiscerning-deacons-anna-robertson-103022\" target=\"_blank\" rel=\"noopener\"><em>un anuncio\u00a0<\/em><\/a><em>(ingl\u00e9s) de Anna Robertson sobre el A\u00f1o de Santa Febe y c\u00f3mo involucrarse. Hubo intercambio de recursos despu\u00e9s de la misa y en el\u00a0<\/em><a href=\"https:\/\/www.stjosephparish.org\/files\/1185.pdf\" target=\"_blank\" rel=\"noopener\"><em>bolet\u00edn (ingl\u00e9s)<\/em><\/a><em>.<\/em><\/p>\t\t\t\t\t\t\t\t<\/div>\n\t\t\t\t<\/div>\n\t\t\t\t\t<\/div>\n\t\t<\/div>\n\t\t\t\t\t<\/div>\n\t\t<\/section>\n\t\t\t\t<\/div>","protected":false},"excerpt":{"rendered":"<p>I came to Seattle from New Jersey in 1982 to serve as a Jesuit Volunteer at St. Joseph Parish. One of my reasons was to discern a vocation to the priesthood. The local church was alive under the leadership of Archbishop Hunthausen, where everyone (lay and clergy) was invited to share their gifts in service [&hellip;]<\/p>\n","protected":false},"author":9,"featured_media":11255,"comment_status":"open","ping_status":"open","sticky":false,"template":"","format":"standard","meta":{"_acf_changed":false,"give_campaign_id":0,"om_disable_all_campaigns":false,"cybocfi_hide_featured_image":"","footnotes":""},"categories":[16,1],"tags":[],"witness-tag":[],"class_list":["post-11253","post","type-post","status-publish","format-standard","has-post-thumbnail","hentry","category-blog","category-news"],"acf":[],"aioseo_notices":[],"_links":{"self":[{"href":"https:\/\/discerningdeacons.org\/es\/wp-json\/wp\/v2\/posts\/11253","targetHints":{"allow":["GET"]}}],"collection":[{"href":"https:\/\/discerningdeacons.org\/es\/wp-json\/wp\/v2\/posts"}],"about":[{"href":"https:\/\/discerningdeacons.org\/es\/wp-json\/wp\/v2\/types\/post"}],"author":[{"embeddable":true,"href":"https:\/\/discerningdeacons.org\/es\/wp-json\/wp\/v2\/users\/9"}],"replies":[{"embeddable":true,"href":"https:\/\/discerningdeacons.org\/es\/wp-json\/wp\/v2\/comments?post=11253"}],"version-history":[{"count":1,"href":"https:\/\/discerningdeacons.org\/es\/wp-json\/wp\/v2\/posts\/11253\/revisions"}],"predecessor-version":[{"id":12400,"href":"https:\/\/discerningdeacons.org\/es\/wp-json\/wp\/v2\/posts\/11253\/revisions\/12400"}],"wp:featuredmedia":[{"embeddable":true,"href":"https:\/\/discerningdeacons.org\/es\/wp-json\/wp\/v2\/media\/11255"}],"wp:attachment":[{"href":"https:\/\/discerningdeacons.org\/es\/wp-json\/wp\/v2\/media?parent=11253"}],"wp:term":[{"taxonomy":"category","embeddable":true,"href":"https:\/\/discerningdeacons.org\/es\/wp-json\/wp\/v2\/categories?post=11253"},{"taxonomy":"post_tag","embeddable":true,"href":"https:\/\/discerningdeacons.org\/es\/wp-json\/wp\/v2\/tags?post=11253"},{"taxonomy":"witness-tag","embeddable":true,"href":"https:\/\/discerningdeacons.org\/es\/wp-json\/wp\/v2\/witness-tag?post=11253"}],"curies":[{"name":"wp","href":"https:\/\/api.w.org\/{rel}","templated":true}]}}