{"id":15985,"date":"2023-08-30T00:05:08","date_gmt":"2023-08-30T04:05:08","guid":{"rendered":"https:\/\/discerningdeacons.org\/?p=15985"},"modified":"2024-02-15T14:39:40","modified_gmt":"2024-02-15T19:39:40","slug":"st-phoebe-pray-for-us","status":"publish","type":"post","link":"https:\/\/discerningdeacons.org\/es\/st-phoebe-pray-for-us\/","title":{"rendered":"Santa Febe, \u00a1ruega por nosotros!"},"content":{"rendered":"<div data-elementor-type=\"wp-post\" data-elementor-id=\"15985\" class=\"elementor elementor-15985\" data-elementor-post-type=\"post\">\n\t\t\t\t\t\t<section class=\"elementor-section elementor-top-section elementor-element elementor-element-73c9d6ee elementor-section-boxed elementor-section-height-default elementor-section-height-default\" data-id=\"73c9d6ee\" data-element_type=\"section\" data-e-type=\"section\" data-settings=\"{&quot;jet_parallax_layout_list&quot;:[]}\">\n\t\t\t\t\t\t<div class=\"elementor-container elementor-column-gap-default\">\n\t\t\t\t\t<div class=\"elementor-column elementor-col-100 elementor-top-column elementor-element elementor-element-1f4eeceb\" data-id=\"1f4eeceb\" data-element_type=\"column\" data-e-type=\"column\">\n\t\t\t<div class=\"elementor-widget-wrap elementor-element-populated\">\n\t\t\t\t\t\t<div class=\"elementor-element elementor-element-7972e29a elementor-widget elementor-widget-text-editor\" data-id=\"7972e29a\" data-element_type=\"widget\" data-e-type=\"widget\" data-widget_type=\"text-editor.default\">\n\t\t\t\t<div class=\"elementor-widget-container\">\n\t\t\t\t\t\t\t\t\t<p style=\"text-align: center;\"><em>Quinto d\u00eda de la Novena a Santa Febe<\/em><\/p><p><a href=\"https:\/\/discerningdeacons.org\/wp-content\/uploads\/2023\/08\/Phoebe-Novena-Day-5-EN.png\"><img fetchpriority=\"high\" decoding=\"async\" class=\"alignleft wp-image-15999\" src=\"https:\/\/discerningdeacons.org\/wp-content\/uploads\/2023\/08\/Phoebe-Novena-Day-5-Es.png\" alt=\"\" width=\"315\" height=\"315\" srcset=\"https:\/\/discerningdeacons.org\/wp-content\/uploads\/2023\/08\/Phoebe-Novena-Day-5-Es.png 1080w, https:\/\/discerningdeacons.org\/wp-content\/uploads\/2023\/08\/Phoebe-Novena-Day-5-Es-300x300.png 300w, https:\/\/discerningdeacons.org\/wp-content\/uploads\/2023\/08\/Phoebe-Novena-Day-5-Es-100x100.png 100w, https:\/\/discerningdeacons.org\/wp-content\/uploads\/2023\/08\/Phoebe-Novena-Day-5-Es-600x600.png 600w, https:\/\/discerningdeacons.org\/wp-content\/uploads\/2023\/08\/Phoebe-Novena-Day-5-Es-1024x1024.png 1024w, https:\/\/discerningdeacons.org\/wp-content\/uploads\/2023\/08\/Phoebe-Novena-Day-5-Es-150x150.png 150w, https:\/\/discerningdeacons.org\/wp-content\/uploads\/2023\/08\/Phoebe-Novena-Day-5-Es-768x768.png 768w, https:\/\/discerningdeacons.org\/wp-content\/uploads\/2023\/08\/Phoebe-Novena-Day-5-Es-12x12.png 12w\" sizes=\"(max-width: 315px) 100vw, 315px\" \/><\/a>Tras meses de planificaci\u00f3n y preparaci\u00f3n, nos llena de alegr\u00eda embarcarnos en las celebraciones del D\u00eda de Santa Febe con ustedes este fin de semana. A partir de esta semana, m\u00e1s de 160 parroquias cat\u00f3licas, institutos, universidades, centros de retiro y organizaciones conmemoran la fiesta de Santa Febe durante todo el mes de septiembre. Rezaremos por el pr\u00f3ximo S\u00ednodo mundial en Roma y reflexionaremos sobre el discernimiento de la Iglesia acerca de la participaci\u00f3n de la mujer, incluyendo el diaconado.<\/p><p dir=\"ltr\"><strong>A continuaci\u00f3n te ofrecemos algunos de nuestros materiales educativos disponibles para descargar y distribuir:<\/strong><\/p><ul><li dir=\"ltr\"><p dir=\"ltr\"><a href=\"https:\/\/docs.google.com\/document\/d\/1Hi9eM6P8BCzm_kTaRkIVR9OtaagIS-nux7txfp2YKyQ\/edit?usp=sharing\" target=\"_blank\" rel=\"noopener\">\u00bfQui\u00e9n fue Santa Febe?<\/a>\u00a0(resumen de una p\u00e1gina de lectura f\u00e1cil para tus feligreses)<\/p><\/li><li dir=\"ltr\"><p dir=\"ltr\">\u00bfSe puede restaurar la ordenaci\u00f3n diaconal de las mujeres? -\u00a0<a href=\"https:\/\/discerningdeacons.org\/es\/resource\/state-of-the-question\/\" target=\"_blank\" rel=\"noopener\">El estado de la cuesti\u00f3n<\/a><\/p><\/li><li dir=\"ltr\"><p dir=\"ltr\"><a href=\"https:\/\/discerningdeacons.org\/wp-content\/uploads\/2023\/09\/5-Things-Every-Catholic-Should-Know-on-the-Eve-of-the-Global-Synod-ES-Google-Docs.pdf\" target=\"_blank\" rel=\"noopener\">\"5 Datos que Todo Cat\u00f3lico Debe Conocer en V\u00edsperas del S\u00ednodo Mundial\"<\/a><\/p><\/li><\/ul><p>Queremos tambi\u00e9n invitar a otros a recorrer este camino sinodal con nosotros...\u00a0<a href=\"https:\/\/discerningdeacons.org\/wp-content\/uploads\/2023\/08\/St.-Phoebe-Day-Action-Steps-Es.pdf\" target=\"_blank\" rel=\"noopener\">Aqu\u00ed te dejamos un folleto\u00a0<\/a>que puedes imprimir y que invita a tu comunidad a\u00a0<a href=\"https:\/\/discerningdeacons.org\/es\/action\/\" target=\"_blank\" rel=\"noopener\">Entrar en Acci\u00f3n en el D\u00eda de Santa Febe.<\/a><\/p><p dir=\"ltr\">Todos los materiales para compartir sobre el D\u00eda de Santa Febe est\u00e1n disponibles en nuestro\u00a0<a href=\"https:\/\/discerningdeacons.org\/es\/resources\/\" target=\"_blank\" rel=\"noopener\">sitio web.<\/a>Y si acabas de empezar a planificarlo, no dejes de consultar nuestra\u00a0<a href=\"https:\/\/docs.google.com\/document\/d\/1hVhCcrbySiH1JHwmSkRyXTd7WmYKTREZEt3KS5gT0lE\/edit#heading=h.y5bzdea1kh2k\" target=\"_blank\" rel=\"noopener\">Gu\u00eda r\u00e1pida para organizar una celebraci\u00f3n del D\u00eda de Santa Febe<\/a>.<\/p><p dir=\"ltr\"><strong>\u00bfTodav\u00eda hay personas en tu comunidad que se preguntan si Santa Febe es\u00a0<\/strong><strong><em>en realidad<\/em><\/strong><strong>\u00a0una Santa?<\/strong>\u00a0El P. F\u00e9lix Just tambi\u00e9n recib\u00eda esa pregunta, as\u00ed que escribi\u00f3 este art\u00edculo en\u00a0<a href=\"https:\/\/international.la-croix.com\/news\/religion\/is-phoebe-a-saint\/18260\" target=\"_blank\" rel=\"noopener\">La-Croix International<\/a>\u00a0(en ingl\u00e9s) para ayudar a aclarar las cosas, y public\u00f3 tambi\u00e9n una versi\u00f3n (en ingl\u00e9s) en su\u00a0<a href=\"https:\/\/discerningdeacons.org\/es\/resources\/\">sitio web.<\/a>.<\/p><p dir=\"ltr\">Por \u00faltimo, nos da mucho gusto compartir esta reciente\u00a0<a href=\"https:\/\/beyondthehabitpod.com\/2023\/08\/29\/august-29-active-hope\/\" target=\"_blank\" rel=\"noopener\">entrevista por transmisi\u00f3n digital<\/a>\u00a0en ingl\u00e9s en la que Lisa Amman \u2013 la \u00fanica e incomparable Directora Adjunta de Compromiso de Discerning Deacons \u2013 tuvo con Colleen Gibson y Erin McDonald, \u00a1las conductoras de\u00a0<a href=\"https:\/\/beyondthehabitpod.com\/2023\/08\/29\/august-29-active-hope\/\" target=\"_blank\" rel=\"noopener\">Beyond the Habit<\/a>\u00a0(M\u00e1s all\u00e1 del h\u00e1bito)! El t\u00edtulo del episodio es \"Esperanza Activa\" \u2013 y esta es una virtud que Lisa cultiva en cada encuentro y desaf\u00edo. Lisa tiene un don para contar historias, inspirar a los dem\u00e1s, expresarse con claridad y envolverlo todo de humor. Definitivamente querr\u00e1s escuchar este episodio.<\/p><p dir=\"ltr\">\u00a1Firme, Adelante!<\/p>\t\t\t\t\t\t\t\t<\/div>\n\t\t\t\t<\/div>\n\t\t\t\t<div class=\"elementor-element elementor-element-3606b6d elementor-widget elementor-widget-author-box\" data-id=\"3606b6d\" data-element_type=\"widget\" data-e-type=\"widget\" data-widget_type=\"author-box.default\">\n\t\t\t\t<div class=\"elementor-widget-container\">\n\t\t\t\t\t\t\t<div class=\"elementor-author-box\">\n\t\t\t\t\t\t\t<div  class=\"elementor-author-box__avatar\">\n\t\t\t\t\t<img decoding=\"async\" src=\"https:\/\/discerningdeacons.org\/wp-content\/uploads\/2022\/12\/Ellie-Casey-1-scaled-e1678224577337-300x300.jpg\" alt=\"Picture of Ellie &amp; Casey\" loading=\"lazy\">\n\t\t\t\t<\/div>\n\t\t\t\n\t\t\t<div class=\"elementor-author-box__text\">\n\t\t\t\t\t\t\t\t\t<div >\n\t\t\t\t\t\t<h4 class=\"elementor-author-box__name\">\n\t\t\t\t\t\t\tEllie & Casey\t\t\t\t\t\t<\/h4>\n\t\t\t\t\t<\/div>\n\t\t\t\t\n\t\t\t\t\t\t\t\t\t<div class=\"elementor-author-box__bio\">\n\t\t\t\t\t\t<p>Co-directoras de Discerning Deacons<\/p>\n\t\t\t\t\t<\/div>\n\t\t\t\t\n\t\t\t\t\t\t\t<\/div>\n\t\t<\/div>\n\t\t\t\t\t\t<\/div>\n\t\t\t\t<\/div>\n\t\t\t\t\t<\/div>\n\t\t<\/div>\n\t\t\t\t\t<\/div>\n\t\t<\/section>\n\t\t\t\t<\/div>","protected":false},"excerpt":{"rendered":"<p>Day 5 of the Novena to St. Phoebe After months of planning and preparation, we are delighted to embark on Phoebe Day celebrations with you this weekend. As of this week, 160+ Catholic parishes, high schools, universities, retreat centers and organizations will commemorate the feast of St. Phoebe throughout the month of September. We will [&hellip;]<\/p>\n","protected":false},"author":9,"featured_media":15986,"comment_status":"open","ping_status":"open","sticky":false,"template":"","format":"standard","meta":{"_acf_changed":false,"give_campaign_id":0,"om_disable_all_campaigns":false,"cybocfi_hide_featured_image":"","footnotes":""},"categories":[16,1],"tags":[],"witness-tag":[],"class_list":["post-15985","post","type-post","status-publish","format-standard","has-post-thumbnail","hentry","category-blog","category-news"],"acf":[],"aioseo_notices":[],"_links":{"self":[{"href":"https:\/\/discerningdeacons.org\/es\/wp-json\/wp\/v2\/posts\/15985","targetHints":{"allow":["GET"]}}],"collection":[{"href":"https:\/\/discerningdeacons.org\/es\/wp-json\/wp\/v2\/posts"}],"about":[{"href":"https:\/\/discerningdeacons.org\/es\/wp-json\/wp\/v2\/types\/post"}],"author":[{"embeddable":true,"href":"https:\/\/discerningdeacons.org\/es\/wp-json\/wp\/v2\/users\/9"}],"replies":[{"embeddable":true,"href":"https:\/\/discerningdeacons.org\/es\/wp-json\/wp\/v2\/comments?post=15985"}],"version-history":[{"count":13,"href":"https:\/\/discerningdeacons.org\/es\/wp-json\/wp\/v2\/posts\/15985\/revisions"}],"predecessor-version":[{"id":16016,"href":"https:\/\/discerningdeacons.org\/es\/wp-json\/wp\/v2\/posts\/15985\/revisions\/16016"}],"wp:featuredmedia":[{"embeddable":true,"href":"https:\/\/discerningdeacons.org\/es\/wp-json\/wp\/v2\/media\/15986"}],"wp:attachment":[{"href":"https:\/\/discerningdeacons.org\/es\/wp-json\/wp\/v2\/media?parent=15985"}],"wp:term":[{"taxonomy":"category","embeddable":true,"href":"https:\/\/discerningdeacons.org\/es\/wp-json\/wp\/v2\/categories?post=15985"},{"taxonomy":"post_tag","embeddable":true,"href":"https:\/\/discerningdeacons.org\/es\/wp-json\/wp\/v2\/tags?post=15985"},{"taxonomy":"witness-tag","embeddable":true,"href":"https:\/\/discerningdeacons.org\/es\/wp-json\/wp\/v2\/witness-tag?post=15985"}],"curies":[{"name":"wp","href":"https:\/\/api.w.org\/{rel}","templated":true}]}}