{"id":16654,"date":"2023-09-20T00:05:19","date_gmt":"2023-09-20T04:05:19","guid":{"rendered":"https:\/\/discerningdeacons.org\/?p=16654"},"modified":"2024-05-06T17:24:43","modified_gmt":"2024-05-06T21:24:43","slug":"parishes-celebrate-st-phoebe-with-educational-events","status":"publish","type":"post","link":"https:\/\/discerningdeacons.org\/es\/parishes-celebrate-st-phoebe-with-educational-events\/","title":{"rendered":"Las parroquias celebran a Santa Febe con eventos educativos"},"content":{"rendered":"<div data-elementor-type=\"wp-post\" data-elementor-id=\"16654\" class=\"elementor elementor-16654\" data-elementor-post-type=\"post\">\n\t\t\t\t\t\t<section class=\"elementor-section elementor-top-section elementor-element elementor-element-56533fd5 elementor-section-boxed elementor-section-height-default elementor-section-height-default\" data-id=\"56533fd5\" data-element_type=\"section\" data-e-type=\"section\" data-settings=\"{&quot;jet_parallax_layout_list&quot;:[]}\">\n\t\t\t\t\t\t<div class=\"elementor-container elementor-column-gap-default\">\n\t\t\t\t\t<div class=\"elementor-column elementor-col-100 elementor-top-column elementor-element elementor-element-737936e1\" data-id=\"737936e1\" data-element_type=\"column\" data-e-type=\"column\">\n\t\t\t<div class=\"elementor-widget-wrap elementor-element-populated\">\n\t\t\t\t\t\t<div class=\"elementor-element elementor-element-7b88f3c8 elementor-widget__width-initial elementor-widget elementor-widget-text-editor\" data-id=\"7b88f3c8\" data-element_type=\"widget\" data-e-type=\"widget\" data-widget_type=\"text-editor.default\">\n\t\t\t\t<div class=\"elementor-widget-container\">\n\t\t\t\t\t\t\t\t\t<p dir=\"ltr\">Nos da gusto compartir que, seg\u00fan los informes que las parroquias y las escuelas han ido enviando, \u00a1calculamos que aproximadamente 38.000 personas han participado en celebraciones del D\u00eda de Santa Febe! Una de las muchas maneras en que las parroquias han decidido celebrar a Santa Febe durante este mes de septiembre es organizando eventos educativos para dar a conocer las funciones ministeriales de las mujeres en los inicios del cristianismo, y en particular la del diaconado.<\/p><p dir=\"ltr\">Cerca de 80 feligreses de 13 parroquias de la regi\u00f3n de San Diego, California, se reunieron en la parroquia de la Inmaculada el 3 de septiembre para escuchar la conferencia de la\u00a0<strong>Dra. Florence Gillman, \"La Historia Raramente Contada de las Mujeres en los Primeros Tiempos del Cristianismo\".<\/strong><\/p><p dir=\"ltr\">Gilman, Profesora Em\u00e9rita de Estudios B\u00edblicos en la Universidad de San Diego y Profesora Adjunta en la Escuela Franciscana de Teolog\u00eda, se refiri\u00f3 a las 30 mujeres que San Pablo menciona en sus cartas como contribuyentes a la construcci\u00f3n de las primeras comunidades eclesiales.\u00a0<strong>\u00bfQu\u00e9 pas\u00f3 con el igualitarismo de Jes\u00fas y Pablo?<\/strong>\u00a0Lamentablemente, el rechazo y la persecuci\u00f3n de los cristianos por parte de los romanos parece haber provocado ajustes culturales por parte de los cristianos, se\u00f1al\u00f3 Gilman. Febe se convirti\u00f3 en una figura oculta cuando su historia dej\u00f3 de contarse.<\/p><p dir=\"ltr\">Avanzamos 2.000 a\u00f1os y el s\u00ednodo sobre Comuni\u00f3n, Participaci\u00f3n y Misi\u00f3n ha revigorizado el deseo de desenterrar la historia de las funciones de liderazgo de las mujeres en el cristianismo primitivo, y de preguntarnos\u00a0<strong>c\u00f3mo puede nuestra Iglesia celebrar m\u00e1s plenamente los dones y carismas de las mujeres en la actualidad.<\/strong><\/p><p dir=\"ltr\">Durante los c\u00edrculos de escucha sinodales que siguieron a la presentaci\u00f3n de Gilman, las participantes hablaron de un momento en el que se sintieron celebradas como mujeres en la Iglesia; de una desilusi\u00f3n que llevan en el coraz\u00f3n; y de una esperanza que tienen para nuestra Iglesia hoy.<\/p><p dir=\"ltr\">En Minneapolis, la Bas\u00edlica de Santa Mar\u00eda patrocin\u00f3 un\u00a0<strong>Desayuno con Santa Febe,<\/strong>\u00a0cuyos anfitriones fueron el p\u00e1rroco, P. Daniel Griffith, y la directora de vida cristiana, Janice Andersen. M\u00e1s de 50 feligreses desayunaron con escones, fruta, caf\u00e9 y jugo, y aprendieron sobre\u00a0<a href=\"https:\/\/discerningdeacons.org\/es\/resource\/who-was-st-phoebe\/\" target=\"_blank\" rel=\"noopener\">\u00bfQui\u00e9n era Santa Febe?<\/a>, y\u00a0<a href=\"https:\/\/discerningdeacons.org\/wp-content\/uploads\/2023\/09\/5-Things-Every-Catholic-Should-Know-on-the-Eve-of-the-Global-Synod-ES-Google-Docs.pdf\" target=\"_blank\" rel=\"noopener\">Las cinco cosas que la gente debe saber en v\u00edsperas del S\u00ednodo Mundial<\/a>. Lisa Amman, Subdirectora de Compromiso de Discerning Deacons, fue una de las oradoras invitadas para hablar sobre la visi\u00f3n de la Iglesia sobre la sinodalidad, el pr\u00f3ximo S\u00ednodo Universal y el discernimiento sobre la participaci\u00f3n de la mujer, incluido el diaconado. Se distribuyeron\u00a0<a href=\"https:\/\/discerningdeacons.org\/es\/resource\/prayer-cards-free-download\/\" target=\"_blank\" rel=\"noopener\">estampas de oraci\u00f3n de Santa Febe<\/a>\u00a0y se invit\u00f3 a los feligreses a seguir participando a trav\u00e9s de la\u00a0<a href=\"https:\/\/discerningdeacons.org\/es\/action\/\" target=\"_blank\" rel=\"noopener\">oraci\u00f3n, el discernimiento y el testimonio.<\/a>.<\/p><p dir=\"ltr\">En todo el pa\u00eds, hay grupos que est\u00e1n poniendo en marcha sus propios c\u00edrculos de estudio para continuar el trayecto de formaci\u00f3n: leyendo libros como Just Church: Catholic Social Teaching, Synodality and Women (Iglesia Justa: Doctrina Social Cat\u00f3lica, Sinodalidad y Mujeres), y Women: Icons of Christ (Mujeres, Iconos de Cristo) de Phyllis Zagano (que tiene su correspondiente\u00a0<a href=\"https:\/\/sites.hofstra.edu\/phyllis-zagano\/download-study-guide-for-women-icons-of-christ\/\" target=\"_blank\" rel=\"noopener\">gu\u00eda de estudio gratuita<\/a>-en ingl\u00e9s), y descargando\u00a0<a href=\"https:\/\/discerningdeacons.org\/es\/study-circle-guide\/\" target=\"_blank\" rel=\"noopener\">el plan de estudios de muestra de Discerning Deacons<\/a>.<\/p><p dir=\"ltr\">Visita nuestra <a href=\"https:\/\/discerningdeacons.org\/es\/resources\/\" target=\"_blank\" rel=\"noopener\">p\u00e1gina de recursos del D\u00eda de Santa Febe<\/a>, y <a href=\"https:\/\/landing.mailerlite.com\/webforms\/landing\/j1h3f0\" target=\"_blank\" rel=\"noopener\">suscr\u00edbete a nuestro bolet\u00edn<\/a> para mantenerte al d\u00eda.\u00a0\u00a0<\/p>\t\t\t\t\t\t\t\t<\/div>\n\t\t\t\t<\/div>\n\t\t\t\t<div class=\"elementor-element elementor-element-4e1ab4d elementor-author-box--avatar-yes elementor-author-box--name-yes elementor-author-box--biography-yes elementor-author-box--link-no elementor-widget elementor-widget-author-box\" data-id=\"4e1ab4d\" data-element_type=\"widget\" data-e-type=\"widget\" data-widget_type=\"author-box.default\">\n\t\t\t\t<div class=\"elementor-widget-container\">\n\t\t\t\t\t\t\t<div class=\"elementor-author-box\">\n\t\t\t\t\t\t\t<div  class=\"elementor-author-box__avatar\">\n\t\t\t\t\t<img decoding=\"async\" src=\"https:\/\/secure.gravatar.com\/avatar\/54b458fb98344fc28f9c3125577e08aceb1f553a55a61b914563b9d888513ab7?s=300&#038;d=mm&#038;r=g\" alt=\"Picture of Ellie Hidalgo\" loading=\"lazy\">\n\t\t\t\t<\/div>\n\t\t\t\n\t\t\t<div class=\"elementor-author-box__text\">\n\t\t\t\t\t\t\t\t\t<div >\n\t\t\t\t\t\t<h4 class=\"elementor-author-box__name\">\n\t\t\t\t\t\t\tEllie Hidalgo\t\t\t\t\t\t<\/h4>\n\t\t\t\t\t<\/div>\n\t\t\t\t\n\t\t\t\t\t\t\t\t\t<div class=\"elementor-author-box__bio\">\n\t\t\t\t\t\t\t\t\t\t\t<\/div>\n\t\t\t\t\n\t\t\t\t\t\t\t<\/div>\n\t\t<\/div>\n\t\t\t\t\t\t<\/div>\n\t\t\t\t<\/div>\n\t\t\t\t\t<\/div>\n\t\t<\/div>\n\t\t\t\t\t<\/div>\n\t\t<\/section>\n\t\t\t\t<\/div>","protected":false},"excerpt":{"rendered":"<p>We\u2019re delighted to share that based on the reports parishes and schools have been submitting, an estimated 38,000 people have participated in Phoebe Day celebrations! One of the many ways parishes have celebrated St. Phoebe in September is to organize educational events to raise awareness of women\u2019s ministerial roles at the beginning of Christianity \u2013 [&hellip;]<\/p>\n","protected":false},"author":7,"featured_media":16661,"comment_status":"open","ping_status":"open","sticky":false,"template":"","format":"standard","meta":{"_acf_changed":false,"give_campaign_id":0,"om_disable_all_campaigns":false,"cybocfi_hide_featured_image":"","footnotes":""},"categories":[16,1],"tags":[],"witness-tag":[103],"class_list":["post-16654","post","type-post","status-publish","format-standard","has-post-thumbnail","hentry","category-blog","category-news"],"acf":[],"aioseo_notices":[],"_links":{"self":[{"href":"https:\/\/discerningdeacons.org\/es\/wp-json\/wp\/v2\/posts\/16654","targetHints":{"allow":["GET"]}}],"collection":[{"href":"https:\/\/discerningdeacons.org\/es\/wp-json\/wp\/v2\/posts"}],"about":[{"href":"https:\/\/discerningdeacons.org\/es\/wp-json\/wp\/v2\/types\/post"}],"author":[{"embeddable":true,"href":"https:\/\/discerningdeacons.org\/es\/wp-json\/wp\/v2\/users\/7"}],"replies":[{"embeddable":true,"href":"https:\/\/discerningdeacons.org\/es\/wp-json\/wp\/v2\/comments?post=16654"}],"version-history":[{"count":15,"href":"https:\/\/discerningdeacons.org\/es\/wp-json\/wp\/v2\/posts\/16654\/revisions"}],"predecessor-version":[{"id":16678,"href":"https:\/\/discerningdeacons.org\/es\/wp-json\/wp\/v2\/posts\/16654\/revisions\/16678"}],"wp:featuredmedia":[{"embeddable":true,"href":"https:\/\/discerningdeacons.org\/es\/wp-json\/wp\/v2\/media\/16661"}],"wp:attachment":[{"href":"https:\/\/discerningdeacons.org\/es\/wp-json\/wp\/v2\/media?parent=16654"}],"wp:term":[{"taxonomy":"category","embeddable":true,"href":"https:\/\/discerningdeacons.org\/es\/wp-json\/wp\/v2\/categories?post=16654"},{"taxonomy":"post_tag","embeddable":true,"href":"https:\/\/discerningdeacons.org\/es\/wp-json\/wp\/v2\/tags?post=16654"},{"taxonomy":"witness-tag","embeddable":true,"href":"https:\/\/discerningdeacons.org\/es\/wp-json\/wp\/v2\/witness-tag?post=16654"}],"curies":[{"name":"wp","href":"https:\/\/api.w.org\/{rel}","templated":true}]}}