{"id":20887,"date":"2024-12-26T00:00:33","date_gmt":"2024-12-26T05:00:33","guid":{"rendered":"https:\/\/discerningdeacons.org\/?p=20887"},"modified":"2024-12-23T17:19:10","modified_gmt":"2024-12-23T22:19:10","slug":"deacons-love-the-second-day-of-christmas","status":"publish","type":"post","link":"https:\/\/discerningdeacons.org\/es\/deacons-love-the-second-day-of-christmas\/","title":{"rendered":"A los di\u00e1conos les encanta el segundo d\u00eda de Navidad..."},"content":{"rendered":"<div data-elementor-type=\"wp-post\" data-elementor-id=\"20887\" class=\"elementor elementor-20887\" data-elementor-post-type=\"post\">\n\t\t\t\t\t\t<section class=\"elementor-section elementor-top-section elementor-element elementor-element-52b3943 elementor-section-boxed elementor-section-height-default elementor-section-height-default\" data-id=\"52b3943\" data-element_type=\"section\" data-e-type=\"section\" data-settings=\"{&quot;jet_parallax_layout_list&quot;:[]}\">\n\t\t\t\t\t\t<div class=\"elementor-container elementor-column-gap-default\">\n\t\t\t\t\t<div class=\"elementor-column elementor-col-100 elementor-top-column elementor-element elementor-element-b6f2fd4\" data-id=\"b6f2fd4\" data-element_type=\"column\" data-e-type=\"column\">\n\t\t\t<div class=\"elementor-widget-wrap elementor-element-populated\">\n\t\t\t\t\t\t<div class=\"elementor-element elementor-element-0464a0b elementor-widget elementor-widget-text-editor\" data-id=\"0464a0b\" data-element_type=\"widget\" data-e-type=\"widget\" data-widget_type=\"text-editor.default\">\n\t\t\t\t<div class=\"elementor-widget-container\">\n\t\t\t\t\t\t\t\t\t<p>A los di\u00e1conos les encanta el segundo d\u00eda de Navidad\u2014porque en este d\u00eda, los cat\u00f3licos recordamos a San Esteban, Archidi\u00e1cono y Protom\u00e1rtir.<\/p><p>En los Hechos de los Ap\u00f3stoles, San Esteban se encontraba entre los siete propuestos por sus respectivas comunidades y designados por los Ap\u00f3stoles para cuidar de los miembros pobres y vulnerables del creciente movimiento de Jes\u00fas: la historia tradicional del origen del diaconado. Por su pertenencia a este grupo de siete, se le llama \"archidi\u00e1cono\", que significa jefe o primero entre los di\u00e1conos.<\/p>\t\t\t\t\t\t\t\t<\/div>\n\t\t\t\t<\/div>\n\t\t\t\t<div class=\"elementor-element elementor-element-33a0071 elementor-widget__width-initial elementor-widget elementor-widget-text-editor\" data-id=\"33a0071\" data-element_type=\"widget\" data-e-type=\"widget\" data-widget_type=\"text-editor.default\">\n\t\t\t\t<div class=\"elementor-widget-container\">\n\t\t\t\t\t\t\t\t\t<figure id=\"attachment_20890\" aria-describedby=\"caption-attachment-20890\" style=\"width: 535px\" class=\"wp-caption alignright\"><a href=\"https:\/\/discerningdeacons.org\/es\/stephen-icon\/\" rel=\"attachment wp-att-20890\"><img fetchpriority=\"high\" decoding=\"async\" src=\"https:\/\/discerningdeacons.org\/wp-content\/uploads\/2024\/12\/Stephen-Icon.jpg\" alt=\"\" width=\"535\" height=\"600\" \/><\/a><figcaption id=\"caption-attachment-20890\" class=\"wp-caption-text\">Icono tradicional que representa la lapidaci\u00f3n de San Esteban.<\/figcaption><\/figure><p dir=\"ltr\">M\u00e1s tarde reclamar\u00eda otra \u201cprimicia\u201d para la primitiva comunidad cristiana \u2013 \u201cprotom\u00e1rtir\u201d, que significa \u201cprimer m\u00e1rtir\u201d \u2013 cuando fue ejecutado por las autoridades, arrastrado fuera de los muros de la ciudad y apedreado hasta la muerte tras negarse a dar marcha atr\u00e1s en sus convicciones sobre Cristo. (Entre la multitud que lo apedre\u00f3 se encontraba San Pablo, que m\u00e1s tarde confiar\u00eda su Carta a los Romanos a su amiga la di\u00e1cona Santa Febe, despu\u00e9s de que su dram\u00e1tica conversi\u00f3n en el camino de Damasco lo transformara de perseguidor de los seguidores de Jes\u00fas en el m\u00e1s destacado de los predicadores del Evangelio).<\/p><p dir=\"ltr\">En este tiempo de Navidad, recordamos a San Esteban Archidi\u00e1cono, cuya reputaci\u00f3n de santidad y generosidad llev\u00f3 a su comunidad a proponer su nombre en respuesta a la b\u00fasqueda de los Ap\u00f3stoles de quienes autorizaron a ser los primeros di\u00e1conos, encargados de atender las necesidades materiales y espirituales de los miembros m\u00e1s vulnerables de sus comunidades.\u00a0<span style=\"background-color: var( --e-global-color-26bb8c7 );\">En un mundo en el que tantos se enfrentan a la persecuci\u00f3n y la violencia, recordamos a San Esteban Protom\u00e1rtir, cuya fidelidad al Evangelio condujo a su ejecuci\u00f3n.<\/span><\/p><p dir=\"ltr\">En nombre del equipo de DD, enviamos bendiciones de paz a todos en esta Navidad.<\/p><p dir=\"ltr\"><span style=\"font-weight: 400;\">En la fiesta de San Esteban, adem\u00e1s, nos unimos a <\/span><a href=\"https:\/\/www.usccb.org\/news\/2024\/us-bishops-president-commutations-federal-death-row-sentences-0\"><span style=\"font-weight: 400;\">los obispos estadounidenses<\/span><\/a><span style=\"font-weight: 400;\"> para celebrar la reciente conmutaci\u00f3n de las penas de muerte de 37 hombres -casi todos los condenados a muerte a nivel federal- por penas de prisi\u00f3n, tras <\/span><a href=\"https:\/\/www.vaticannews.va\/es\/mundo\/news\/2024-12\/presidente-biden-conmuta-pena-condenados-a-muerte.html\"><span style=\"font-weight: 400;\">los m\u00faltiples llamamientos del Papa Francisco<\/span><\/a><span style=\"font-weight: 400;\"> al presidente Biden en las \u00faltimas semanas.<\/span><\/p>\t\t\t\t\t\t\t\t<\/div>\n\t\t\t\t<\/div>\n\t\t\t\t<div class=\"elementor-element elementor-element-db7dfb7 elementor-widget elementor-widget-spacer\" data-id=\"db7dfb7\" data-element_type=\"widget\" data-e-type=\"widget\" data-widget_type=\"spacer.default\">\n\t\t\t\t<div class=\"elementor-widget-container\">\n\t\t\t\t\t\t\t<div class=\"elementor-spacer\">\n\t\t\t<div class=\"elementor-spacer-inner\"><\/div>\n\t\t<\/div>\n\t\t\t\t\t\t<\/div>\n\t\t\t\t<\/div>\n\t\t\t\t<div class=\"elementor-element elementor-element-2d16afb elementor-widget elementor-widget-spacer\" data-id=\"2d16afb\" data-element_type=\"widget\" data-e-type=\"widget\" data-widget_type=\"spacer.default\">\n\t\t\t\t<div class=\"elementor-widget-container\">\n\t\t\t\t\t\t\t<div class=\"elementor-spacer\">\n\t\t\t<div class=\"elementor-spacer-inner\"><\/div>\n\t\t<\/div>\n\t\t\t\t\t\t<\/div>\n\t\t\t\t<\/div>\n\t\t\t\t<div class=\"elementor-element elementor-element-264a94d elementor-widget elementor-widget-text-editor\" data-id=\"264a94d\" data-element_type=\"widget\" data-e-type=\"widget\" data-widget_type=\"text-editor.default\">\n\t\t\t\t<div class=\"elementor-widget-container\">\n\t\t\t\t\t\t\t\t\t<p style=\"text-align: center;\"><em><strong>Por intercesi\u00f3n de San Esteban, Archidi\u00e1cono y Protom\u00e1rtir, r<\/strong><strong>ezamos:<\/strong><\/em><\/p><p style=\"text-align: center;\"><em><strong>En agradecimiento por la conmutaci\u00f3n de casi todas las penas de muerte federales de Estados Unidos,<br \/>Por el fin de la pena de muerte,<br \/><\/strong><\/em><em><strong>Por la gracia de ver y responder a las necesidades insatisfechas de nuestras comunidades,<br \/><\/strong><\/em><em><strong>Por valor para decir lo que es verdad cuando las autoridades se oponen a nosotros,<br \/><\/strong><\/em><em><strong>Por ministerios de predicaci\u00f3n que inspiran los corazones de los fieles para actuar con audacia y amor,<br \/><\/strong><\/em><em><strong>Por confianza cuando se nos pida hacer lo que nadie ha hecho antes que nosotros, y as\u00ed abrir camino,<\/strong><\/em><\/p><p style=\"text-align: center;\"><em><strong>San Esteban, \u00a1ruega por nosotros!<\/strong><\/em><\/p>\t\t\t\t\t\t\t\t<\/div>\n\t\t\t\t<\/div>\n\t\t\t\t\t<\/div>\n\t\t<\/div>\n\t\t\t\t\t<\/div>\n\t\t<\/section>\n\t\t\t\t<\/div>","protected":false},"excerpt":{"rendered":"<p>Deacons love the second day of Christmas\u2014because on this second day of Christmas, Catholics remember St. Stephen the Archdeacon and Protomartyr. In the Acts of the Apostles, St. Stephen was among the seven put forward by their respective communities and designated by the Apostles to care for the poor and vulnerable members of the growing [&hellip;]<\/p>\n","protected":false},"author":11,"featured_media":20888,"comment_status":"open","ping_status":"open","sticky":false,"template":"","format":"standard","meta":{"_acf_changed":false,"give_campaign_id":0,"om_disable_all_campaigns":false,"cybocfi_hide_featured_image":"","footnotes":""},"categories":[1],"tags":[],"witness-tag":[],"class_list":["post-20887","post","type-post","status-publish","format-standard","has-post-thumbnail","hentry","category-news"],"acf":[],"aioseo_notices":[],"_links":{"self":[{"href":"https:\/\/discerningdeacons.org\/es\/wp-json\/wp\/v2\/posts\/20887","targetHints":{"allow":["GET"]}}],"collection":[{"href":"https:\/\/discerningdeacons.org\/es\/wp-json\/wp\/v2\/posts"}],"about":[{"href":"https:\/\/discerningdeacons.org\/es\/wp-json\/wp\/v2\/types\/post"}],"author":[{"embeddable":true,"href":"https:\/\/discerningdeacons.org\/es\/wp-json\/wp\/v2\/users\/11"}],"replies":[{"embeddable":true,"href":"https:\/\/discerningdeacons.org\/es\/wp-json\/wp\/v2\/comments?post=20887"}],"version-history":[{"count":9,"href":"https:\/\/discerningdeacons.org\/es\/wp-json\/wp\/v2\/posts\/20887\/revisions"}],"predecessor-version":[{"id":20901,"href":"https:\/\/discerningdeacons.org\/es\/wp-json\/wp\/v2\/posts\/20887\/revisions\/20901"}],"wp:featuredmedia":[{"embeddable":true,"href":"https:\/\/discerningdeacons.org\/es\/wp-json\/wp\/v2\/media\/20888"}],"wp:attachment":[{"href":"https:\/\/discerningdeacons.org\/es\/wp-json\/wp\/v2\/media?parent=20887"}],"wp:term":[{"taxonomy":"category","embeddable":true,"href":"https:\/\/discerningdeacons.org\/es\/wp-json\/wp\/v2\/categories?post=20887"},{"taxonomy":"post_tag","embeddable":true,"href":"https:\/\/discerningdeacons.org\/es\/wp-json\/wp\/v2\/tags?post=20887"},{"taxonomy":"witness-tag","embeddable":true,"href":"https:\/\/discerningdeacons.org\/es\/wp-json\/wp\/v2\/witness-tag?post=20887"}],"curies":[{"name":"wp","href":"https:\/\/api.w.org\/{rel}","templated":true}]}}