{"id":21518,"date":"2025-05-07T00:00:43","date_gmt":"2025-05-07T04:00:43","guid":{"rendered":"https:\/\/discerningdeacons.org\/?p=21518"},"modified":"2025-05-06T14:51:27","modified_gmt":"2025-05-06T18:51:27","slug":"prayers-for-our-church-at-a-pivotal-moment","status":"publish","type":"post","link":"https:\/\/discerningdeacons.org\/es\/prayers-for-our-church-at-a-pivotal-moment\/","title":{"rendered":"Oraciones por nuestra Iglesia en un momento decisivo"},"content":{"rendered":"<p><span style=\"font-weight: 400;\">Hoy comienza el c\u00f3nclave para elegir al 267\u00ba Papa. Rezamos para que una abundancia del Esp\u00edritu Santo se derrame sobre nuestros hermanos cardenales al asumir su responsabilidad. Que mantengan sus corazones abiertos a las realidades y a los sufrimientos de la humanidad, y a nuestras esperanzas y sue\u00f1os para el futuro. Que sientan el apoyo en la oraci\u00f3n de los fieles de todo el mundo mientras disciernen qui\u00e9n dirigir\u00e1 nuestra Iglesia.<\/span><b> Los cardenales necesitan nuestras oraciones, y le invitamos a <\/b><a href=\"https:\/\/praycardinal.com\"><b>utilizar este enlace<\/b><\/a><b> para que se le asigne a un cardenal por el que rezar.\u00a0<\/b><\/p>\n<p><span style=\"font-weight: 400;\">Mientras recordamos al papa Francisco y damos gracias por su vida y su legado, Anna Robertson, miembro del personal de DD, <\/span><a href=\"https:\/\/discerningdeacons.org\/es\/a-finger-pointing-to-the-moon-a-eulogy-for-pope-francis\/\"><span style=\"font-weight: 400;\">pronunci\u00f3 recientemente un elogio f\u00fanebre por el papa Francisco (en ingl\u00e9s)<\/span><\/a><span style=\"font-weight: 400;\"> en la parroquia de San Jos\u00e9 en Seattle. Reflexion\u00f3 sobre c\u00f3mo \u00e9l nos se\u00f1al\u00f3 continuamente hacia el Dios de la misericordia y el encuentro:\u00a0\u00a0<\/span><\/p>\n<blockquote><p>A lo largo de su papado, el Papa Francisco nos record\u00f3 una y otra vez que nuestro Dios es un Dios de misericordia y encuentro, que nos acoge personalmente a los pecadores con los brazos abiertos y sin hacer preguntas, y que a su vez nos llama a salir de nosotros mismos e ir a las periferias, a los pobres, a los que sufren y a los oprimidos. Nos deja una Iglesia que, a trav\u00e9s de la sinodalidad, es m\u00e1s capaz de acompa\u00f1ar a cada uno de nosotros en nuestra propia llamada a la misi\u00f3n, que es lo que la Iglesia siempre ha sido. Su legado nos invita a no venerarlo, sino a seguir lo que \u00e9l nos indic\u00f3: hacia un Dios misericordioso que nos llama a las periferias, y una Iglesia donde el poder sirve en lugar de dominar y donde todos \u2014todos, todos, todos\u2014 tienen un lugar y un hogar.<\/p><\/blockquote>\n<p>El Miami Herald\u00a0<a href=\"https:\/\/www.miamiherald.com\/opinion\/op-ed\/article305597941.html\">public\u00f3 mi reflexi\u00f3n en ingl\u00e9s sobre el impacto de haber conocido al papa Francisco<\/a>\u00a0tras la misa de apertura del S\u00ednodo en 2021: \"Estaba encantado de conocer a mujeres de Canad\u00e1, Estados Unidos, Brasil y Bolivia que trabajaban juntas, exactamente el puente que el S\u00ednodo aspiraba a tender entre las Am\u00e9ricas\".\u00a0<strong>Espero que el nuevo papa contin\u00fae desbloqueando el potencial de los dones de las mujeres para el ministerio<\/strong>. Como escrib\u00ed: \u00abOcultas a plena vista hay una nueva generaci\u00f3n de Mar\u00edas Magdalena, Febes, Claras y Frances Cabrini, mujeres valientes y comprometidas que est\u00e1n dispuestas a proclamar la buena nueva, crear condiciones para la paz y defender el sue\u00f1o de Dios de un mundo en el que todos puedan florecer\".<\/p>\n<p>Lisa Amman\u00a0<a href=\"https:\/\/discerningdeacons.org\/es\/a-pope-who-knelt-to-serve-honoring-francis-diaconal-legacy\/\" target=\"_blank\" rel=\"noopener\">reflexion\u00f3 (en ingl\u00e9s) sobre el legado diaconal del papa Francisco<\/a>\u00a0, que comenz\u00f3 con el lavatorio de los pies de los encarcelados y continu\u00f3 con la decisi\u00f3n de dejar su cuenta bancaria privada a los presos.<\/p>\n<blockquote>\n<p dir=\"ltr\">\"La Iglesia\", escribi\u00f3 el papa Francisco, \"ve en el diaconado permanente la expresi\u00f3n y,\tal mismo tiempo, el impulso vital para convertirse en signo visible de la diacon\u00eda de Cristo Siervo\".<\/p>\n<p dir=\"ltr\">Para quienes formamos parte del proyecto Discerning Deacons, estas palabras son un modelo a seguir. Creemos, al igual que el Papa Francisco, que los di\u00e1conos encarnan la llamada de la Iglesia a ser sinodal: a caminar juntos, a escuchar profundamente y a compartir la responsabilidad de la vida de la Iglesia. Los di\u00e1conos suscitan los dones de los bautizados. Nutren a los cansados, acompa\u00f1an a los afligidos y levantan a los olvidados o marginados.<\/p>\n<\/blockquote>\n<p dir=\"ltr\">El papa Francisco inici\u00f3 procesos y puso en marcha caminos de renovaci\u00f3n que otros estar\u00e1n llamados a continuar y cumplir. Puso su esperanza en el Esp\u00edritu Santo, que obra en cada uno de nosotros para juntos dar forma al futuro. Honremos su legado confiando en el Camino que se nos revela a trav\u00e9s del encuentro, la escucha y el discernimiento.<\/p>","protected":false},"excerpt":{"rendered":"<p>Today the conclave begins to choose the 267th pope. We pray for an overflow of the Holy Spirit to be poured on our brother cardinals as they take up their responsibility. May they keep their hearts open to the realities and to the sufferings of humankind, and to our hopes and dreams for the future. [&hellip;]<\/p>\n","protected":false},"author":7,"featured_media":21521,"comment_status":"closed","ping_status":"closed","sticky":false,"template":"","format":"standard","meta":{"_acf_changed":false,"give_campaign_id":0,"om_disable_all_campaigns":false,"cybocfi_hide_featured_image":"","footnotes":""},"categories":[1],"tags":[],"witness-tag":[],"class_list":["post-21518","post","type-post","status-publish","format-standard","has-post-thumbnail","hentry","category-news"],"acf":[],"aioseo_notices":[],"_links":{"self":[{"href":"https:\/\/discerningdeacons.org\/es\/wp-json\/wp\/v2\/posts\/21518","targetHints":{"allow":["GET"]}}],"collection":[{"href":"https:\/\/discerningdeacons.org\/es\/wp-json\/wp\/v2\/posts"}],"about":[{"href":"https:\/\/discerningdeacons.org\/es\/wp-json\/wp\/v2\/types\/post"}],"author":[{"embeddable":true,"href":"https:\/\/discerningdeacons.org\/es\/wp-json\/wp\/v2\/users\/7"}],"replies":[{"embeddable":true,"href":"https:\/\/discerningdeacons.org\/es\/wp-json\/wp\/v2\/comments?post=21518"}],"version-history":[{"count":2,"href":"https:\/\/discerningdeacons.org\/es\/wp-json\/wp\/v2\/posts\/21518\/revisions"}],"predecessor-version":[{"id":21522,"href":"https:\/\/discerningdeacons.org\/es\/wp-json\/wp\/v2\/posts\/21518\/revisions\/21522"}],"wp:featuredmedia":[{"embeddable":true,"href":"https:\/\/discerningdeacons.org\/es\/wp-json\/wp\/v2\/media\/21521"}],"wp:attachment":[{"href":"https:\/\/discerningdeacons.org\/es\/wp-json\/wp\/v2\/media?parent=21518"}],"wp:term":[{"taxonomy":"category","embeddable":true,"href":"https:\/\/discerningdeacons.org\/es\/wp-json\/wp\/v2\/categories?post=21518"},{"taxonomy":"post_tag","embeddable":true,"href":"https:\/\/discerningdeacons.org\/es\/wp-json\/wp\/v2\/tags?post=21518"},{"taxonomy":"witness-tag","embeddable":true,"href":"https:\/\/discerningdeacons.org\/es\/wp-json\/wp\/v2\/witness-tag?post=21518"}],"curies":[{"name":"wp","href":"https:\/\/api.w.org\/{rel}","templated":true}]}}