{"id":5334,"date":"2022-02-23T05:00:58","date_gmt":"2022-02-23T05:00:58","guid":{"rendered":"https:\/\/discerningdeacons.org\/?p=5334"},"modified":"2022-12-20T18:35:52","modified_gmt":"2022-12-20T18:35:52","slug":"a-dream-suggestion","status":"publish","type":"post","link":"https:\/\/discerningdeacons.org\/es\/a-dream-suggestion\/","title":{"rendered":"Una Sugerencia de c\u00f3mo So\u00f1ar"},"content":{"rendered":"<div data-elementor-type=\"wp-post\" data-elementor-id=\"5334\" class=\"elementor elementor-5334\" data-elementor-post-type=\"post\">\n\t\t\t\t\t\t<section class=\"elementor-section elementor-top-section elementor-element elementor-element-69172a89 elementor-section-boxed elementor-section-height-default elementor-section-height-default\" data-id=\"69172a89\" data-element_type=\"section\" data-e-type=\"section\" data-settings=\"{&quot;jet_parallax_layout_list&quot;:[]}\">\n\t\t\t\t\t\t<div class=\"elementor-container elementor-column-gap-default\">\n\t\t\t\t\t<div class=\"elementor-column elementor-col-100 elementor-top-column elementor-element elementor-element-4d8c690\" data-id=\"4d8c690\" data-element_type=\"column\" data-e-type=\"column\">\n\t\t\t<div class=\"elementor-widget-wrap elementor-element-populated\">\n\t\t\t\t\t\t<div class=\"elementor-element elementor-element-747d8cff elementor-widget elementor-widget-text-editor\" data-id=\"747d8cff\" data-element_type=\"widget\" data-e-type=\"widget\" data-widget_type=\"text-editor.default\">\n\t\t\t\t<div class=\"elementor-widget-container\">\n\t\t\t\t\t\t\t\t\t<p><span style=\"font-weight: 400;\">Uno de los objetivos expresos de este S\u00ednodo es \"inspirar a la gente a so\u00f1ar con la Iglesia que estamos llamados a ser\". (<\/span><a href=\"https:\/\/www.synod.va\/content\/dam\/synod\/common\/vademecum\/es_vade.pdf\"><span style=\"font-weight: 400;\">Manual del Vaticano 1 <\/span><span style=\"font-weight: 400;\">Handbook<\/span><span style=\"font-weight: 400;\"> 1.3<\/span><\/a><span style=\"font-weight: 400;\">).\u00a0\u00a0<\/span><\/p><p><span style=\"font-weight: 400;\">Como camino por donde el Pueblo de Dios camina unido, la sinodalidad surgi\u00f3 de la idea de Jes\u00fas como \"<\/span><i><span style=\"font-weight: 400;\">\"el Camino\"<\/span><\/i><span style=\"font-weight: 400;\">\" (Jn 14,6) y de sus disc\u00edpulos como <\/span><i><span style=\"font-weight: 400;\">\"el Camino\"<\/span><\/i><span style=\"font-weight: 400;\">(Hch 9,2).<\/span><\/p><p><span style=\"font-weight: 400;\">Cuando los Ap\u00f3stoles sintieron que su ministerio se inclinaba en la direcci\u00f3n equivocada, el Esp\u00edritu les impuls\u00f3 a crear el diaconado (Hch 6). Este es el primer indicio de que lo que lleg\u00f3 a conocerse como el Sacramento del Orden goza de una f\u00f3rmula especial que no se encuentra en los dem\u00e1s sacramentos: la elasticidad. \u00bfPodr\u00e1 seguir estir\u00e1ndose? Abundan los indicios de que el futuro considerar\u00e1 nuestra crisis actual como un estir\u00f3n hist\u00f3rico.<\/span><\/p><p><span style=\"font-weight: 400;\">Los Ap\u00f3stoles de hoy necesitan respirar hondo, escuchar y expandir la Iglesia. Su autoridad no consiste en mantener un <\/span><i><span style=\"font-weight: 400;\">orden establecido<\/span><\/i><span style=\"font-weight: 400;\">; es creativa. Tambi\u00e9n es protectora, no como las cercas alrededor de un corral, sino como las barreras de seguridad en un camino abierto:<\/span><i><span style=\"font-weight: 400;\">\"el Camino\"<\/span><\/i><span style=\"font-weight: 400;\">.\u00a0\u00a0<\/span><\/p><p><span style=\"font-weight: 400;\">Sugerencia, para so\u00f1ar con audacia, hay que considerar una posibilidad: \"esto es solo el comienzo\".\u00a0<\/span><\/p><p><span style=\"font-weight: 400;\">La evoluci\u00f3n se moviliza en torno a puntos fijos, a menudo no los que pensamos. La evoluci\u00f3n se mueve en torno al carbono. El Orden Sagrado se mueve en torno a la caridad, es decir, al don definitivo de Dios. Todos los sacramentos han evolucionado, pero el Orden Sagrado es el \u00fanico que presume de grados de participaci\u00f3n. \u00bfS\u00f3lo tres? \u00bfHa terminado la Iglesia de evolucionar, especialmente en lo que se refiere a los nuevos ministerios para las mujeres?<\/span><\/p><p><span style=\"font-weight: 400;\">Por muy importante que sea defender la tradici\u00f3n de la Iglesia, no podemos perder de vista la posibilidad de que la Iglesia sea todav\u00eda joven. Las nuevas cosmolog\u00edas derivadas de la f\u00edsica y la biolog\u00eda nos permiten considerar a nuestras instituciones como si fueran reci\u00e9n nacidas en la escena.\u00a0<\/span><\/p><p><i><span style=\"font-weight: 400;\">Discerning Deacons<\/span><\/i><span style=\"font-weight: 400;\"> nos ha preparado el terreno para so\u00f1ar a lo grande. Al igual que los j\u00f3venes en la c\u00faspide de la vida, estamos \"atentos a las se\u00f1ales del camino\" (<\/span><a href=\"https:\/\/www.youtube.com\/watch?v=f3w4oiBKY-E\"><span style=\"font-weight: 400;\">Carpenters<\/span><\/a><span style=\"font-weight: 400;\">).\u00a0<\/span><\/p><p><span style=\"font-weight: 400;\">Cu\u00e1n diferente so\u00f1amos cuando vemos la entrega de Dios frente a lo profundo del tiempo. \"\u00a1Yo hago algo nuevo! Ahora acontece; \u00bfNo lo perciben? A\u00fan en los desiertos har\u00e9 un <\/span><i><span style=\"font-weight: 400;\">Camino<\/span><\/i><span style=\"font-weight: 400;\">\u2026.\u201d (Is 43:19).<\/span><\/p>\t\t\t\t\t\t\t\t<\/div>\n\t\t\t\t<\/div>\n\t\t\t\t\t<\/div>\n\t\t<\/div>\n\t\t\t\t\t<\/div>\n\t\t<\/section>\n\t\t\t\t<section class=\"elementor-section elementor-top-section elementor-element elementor-element-f7117a3 elementor-section-boxed elementor-section-height-default elementor-section-height-default\" data-id=\"f7117a3\" data-element_type=\"section\" data-e-type=\"section\" data-settings=\"{&quot;jet_parallax_layout_list&quot;:[]}\">\n\t\t\t\t\t\t<div class=\"elementor-container elementor-column-gap-default\">\n\t\t\t\t\t<div class=\"elementor-column elementor-col-100 elementor-top-column elementor-element elementor-element-213bd61\" data-id=\"213bd61\" data-element_type=\"column\" data-e-type=\"column\">\n\t\t\t<div class=\"elementor-widget-wrap elementor-element-populated\">\n\t\t\t\t\t\t<div class=\"elementor-element elementor-element-1083f1e elementor-widget elementor-widget-author-box\" data-id=\"1083f1e\" data-element_type=\"widget\" data-e-type=\"widget\" data-widget_type=\"author-box.default\">\n\t\t\t\t<div class=\"elementor-widget-container\">\n\t\t\t\t\t\t\t<div class=\"elementor-author-box\">\n\t\t\t\t\t\t\t<a href=\"https:\/\/auscp.org\/\" target=\"_blank\" class=\"elementor-author-box__avatar\">\n\t\t\t\t\t<img decoding=\"async\" src=\"https:\/\/discerningdeacons.org\/wp-content\/uploads\/2022\/02\/Fr-Michael-Hickin.jpg\" alt=\"Picture of Fr. Michael Hickin\" loading=\"lazy\">\n\t\t\t\t<\/a>\n\t\t\t\n\t\t\t<div class=\"elementor-author-box__text\">\n\t\t\t\t\t\t\t\t\t<a href=\"https:\/\/auscp.org\/\" target=\"_blank\">\n\t\t\t\t\t\t<h4 class=\"elementor-author-box__name\">\n\t\t\t\t\t\t\tP. Michael Hickin\t\t\t\t\t\t<\/h4>\n\t\t\t\t\t<\/a>\n\t\t\t\t\n\t\t\t\t\t\t\t\t\t<div class=\"elementor-author-box__bio\">\n\t\t\t\t\t\t<p>Fr. Michael Hickin, is a rural pastor in the Diocese of Fargo, ND and a member of the leadership team of the Association of U.S. Catholic Priests.<\/p>\n\t\t\t\t\t<\/div>\n\t\t\t\t\n\t\t\t\t\t\t\t<\/div>\n\t\t<\/div>\n\t\t\t\t\t\t<\/div>\n\t\t\t\t<\/div>\n\t\t\t\t\t<\/div>\n\t\t<\/div>\n\t\t\t\t\t<\/div>\n\t\t<\/section>\n\t\t\t\t<\/div>","protected":false},"excerpt":{"rendered":"<p>One expressed aim of this Synod is \u201cto inspire people to dream about the Church we are called to be.\u201d (Vatican Handbook 1.3).\u00a0\u00a0 As the path along which God\u2019s People walk together, synodality grew out of an understanding of Jesus \u2018the Way\u2019 (Jn 14:6) and of his disciples as \u2018followers of the Way\u2019 (Ac 9:2). [&hellip;]<\/p>\n","protected":false},"author":9,"featured_media":5337,"comment_status":"open","ping_status":"open","sticky":false,"template":"","format":"standard","meta":{"_acf_changed":false,"give_campaign_id":0,"om_disable_all_campaigns":false,"cybocfi_hide_featured_image":"","footnotes":""},"categories":[16,1],"tags":[],"witness-tag":[],"class_list":["post-5334","post","type-post","status-publish","format-standard","has-post-thumbnail","hentry","category-blog","category-news"],"acf":[],"aioseo_notices":[],"_links":{"self":[{"href":"https:\/\/discerningdeacons.org\/es\/wp-json\/wp\/v2\/posts\/5334","targetHints":{"allow":["GET"]}}],"collection":[{"href":"https:\/\/discerningdeacons.org\/es\/wp-json\/wp\/v2\/posts"}],"about":[{"href":"https:\/\/discerningdeacons.org\/es\/wp-json\/wp\/v2\/types\/post"}],"author":[{"embeddable":true,"href":"https:\/\/discerningdeacons.org\/es\/wp-json\/wp\/v2\/users\/9"}],"replies":[{"embeddable":true,"href":"https:\/\/discerningdeacons.org\/es\/wp-json\/wp\/v2\/comments?post=5334"}],"version-history":[{"count":0,"href":"https:\/\/discerningdeacons.org\/es\/wp-json\/wp\/v2\/posts\/5334\/revisions"}],"wp:featuredmedia":[{"embeddable":true,"href":"https:\/\/discerningdeacons.org\/es\/wp-json\/wp\/v2\/media\/5337"}],"wp:attachment":[{"href":"https:\/\/discerningdeacons.org\/es\/wp-json\/wp\/v2\/media?parent=5334"}],"wp:term":[{"taxonomy":"category","embeddable":true,"href":"https:\/\/discerningdeacons.org\/es\/wp-json\/wp\/v2\/categories?post=5334"},{"taxonomy":"post_tag","embeddable":true,"href":"https:\/\/discerningdeacons.org\/es\/wp-json\/wp\/v2\/tags?post=5334"},{"taxonomy":"witness-tag","embeddable":true,"href":"https:\/\/discerningdeacons.org\/es\/wp-json\/wp\/v2\/witness-tag?post=5334"}],"curies":[{"name":"wp","href":"https:\/\/api.w.org\/{rel}","templated":true}]}}