{"id":7402,"date":"2022-06-29T00:01:28","date_gmt":"2022-06-29T00:01:28","guid":{"rendered":"https:\/\/discerningdeacons.org\/?p=7402"},"modified":"2023-01-10T00:05:12","modified_gmt":"2023-01-10T00:05:12","slug":"charting-steps","status":"publish","type":"post","link":"https:\/\/discerningdeacons.org\/es\/charting-steps\/","title":{"rendered":"Trazando pasos en el camino a seguir"},"content":{"rendered":"<div data-elementor-type=\"wp-post\" data-elementor-id=\"7402\" class=\"elementor elementor-7402\" data-elementor-post-type=\"post\">\n\t\t\t\t\t\t<section class=\"elementor-section elementor-top-section elementor-element elementor-element-41324d7 elementor-section-boxed elementor-section-height-default elementor-section-height-default\" data-id=\"41324d7\" data-element_type=\"section\" data-e-type=\"section\" data-settings=\"{&quot;jet_parallax_layout_list&quot;:[]}\">\n\t\t\t\t\t\t<div class=\"elementor-container elementor-column-gap-default\">\n\t\t\t\t\t<div class=\"elementor-column elementor-col-100 elementor-top-column elementor-element elementor-element-2ae4f26a\" data-id=\"2ae4f26a\" data-element_type=\"column\" data-e-type=\"column\">\n\t\t\t<div class=\"elementor-widget-wrap elementor-element-populated\">\n\t\t\t\t\t\t<div class=\"elementor-element elementor-element-2736f94b elementor-widget elementor-widget-text-editor\" data-id=\"2736f94b\" data-element_type=\"widget\" data-e-type=\"widget\" data-widget_type=\"text-editor.default\">\n\t\t\t\t<div class=\"elementor-widget-container\">\n\t\t\t\t\t\t\t\t\t<p><span style=\"font-weight: 400;\">Discerning Deacons tuvo el placer de presentar dos coloquios sobre las mujeres y el diaconado y un puesto de exhibici\u00f3n en la asamblea anual de la Asociaci\u00f3n de Sacerdotes Cat\u00f3licos de Estados Unidos (<\/span><a href=\"https:\/\/auscp.org\/\"><span style=\"font-weight: 400;\">AUSCP<\/span><\/a><span style=\"font-weight: 400;\">por sus siglas en ingl\u00e9s) en Baltimore, del 20 al 23 de junio. La asamblea atrajo a m\u00e1s de 150 sacerdotes, como as\u00ed tambi\u00e9n a laicos y religiosos. Los sacerdotes de la AUSCP son conocidos por su compromiso permanente de poner en pr\u00e1ctica la visi\u00f3n del Concilio Vaticano II y de centrar su trabajo conjunto en la no violencia, la lucha contra el racismo, el apoyo a los inmigrantes, las mujeres en la Iglesia entre otros. El tema de este a\u00f1o fue \"So\u00f1emos: El Camino hacia un Futuro Mejor\".<\/span><span style=\"font-weight: 400;\">\u00a0<\/span><\/p><p><span style=\"font-weight: 400;\">Gracias especiales a Pat Ball, Animadora del S\u00ednodo de Discerning Deacons, por acompa\u00f1arme. Pat ha sido miembro de la parroquia de San Vicent de Paul en Baltimore desde hace 45 a\u00f1os y ha participado activamente en Discerning Deacons desde antes de su creaci\u00f3n. Juntas involucramos a los sacerdotes en conversaciones sobre la sinodalidad y el liderazgo de las mujeres en la Iglesia. A lo largo de este proceso sinodal hemos escuchado a muchos de ustedes compartir la esperanza de que una Iglesia sinodal permita que las mujeres prediquen en sus parroquias locales, proporcionando otra perspectiva de los relatos del Evangelio que pueda basarse en las experiencias vividas por mujeres, madres y abuelas. \u00bfPodemos imaginar una Iglesia en la que las mujeres con dones para predicar sean invitadas a compartir sus dones con sus comunidades de fe? Compartimos sus esperanzas con los sacerdotes de la AUSCP y los encontramos abiertos a imaginar oportunidades en su parroquia para invitar a una mujer laica o religiosa de confianza a ofrecer un testimonio o una reflexi\u00f3n durante la liturgia. Esperamos desarrollar estas ideas en los pr\u00f3ximos meses.\u00a0<\/span><\/p><p><span style=\"font-weight: 400;\">Muchas gracias al <a href=\"https:\/\/discerningdeacons.org\/es\/witness\/fr-michael-hickin\/\" target=\"_blank\" rel=\"noopener\">P. Michael Hickin<\/a> por su liderazgo como presidente del <\/span><a href=\"https:\/\/auscp.org\/initiatives\/women\/\"><span style=\"font-weight: 400;\">Grupo de Trabajo de Mujeres en la Iglesia<\/span><\/a><span style=\"font-weight: 400;\"> (p\u00e1gina en ingl\u00e9s) de la AUSCP y por promover oportunidades para que los sacerdotes de la AUSCP colaboren con Discerning Deacons. A modo de antecedente, en el 2013 la AUSCP <\/span><span style=\"font-weight: 400;\">aprob\u00f3 una resoluci\u00f3n para promover la discusi\u00f3n en curso sobre la ordenaci\u00f3n de mujeres como di\u00e1conos permanentes y acord\u00f3 pedir a los obispos de los Estados Unidos que dieran apoyo p\u00fablico a la restauraci\u00f3n de la pr\u00e1ctica del primer milenio de ordenar mujeres como di\u00e1conos permanentes. <\/span><span style=\"font-weight: 400;\">\"He recibido m\u00faltiples afirmaciones de nuestros miembros que alientan una mayor colaboraci\u00f3n con Discerning Deacons\", dijo el P. Michael. \"La presencia de DD en nuestra Asamblea del 2022 ayud\u00f3 a la AUSCP a ampliar su sue\u00f1o de la Iglesia de Cristo, donde las mujeres y los hombres trabajan hombro con hombro para proporcionar un liderazgo de servicio al mundo entero\".<\/span><\/p><p><span style=\"font-weight: 400;\">Entre los principales oradores estuvieron el <\/span><a href=\"https:\/\/www.infocatolica.com\/?t=noticia&amp;cod=43339\"><span style=\"font-weight: 400;\">Cardenal Peter Turkson<\/span><\/a><span style=\"font-weight: 400;\">, nuevo canciller de la Pontificia Academia de las Ciencias y de la Pontificia Academia de las Ciencias Sociales; <\/span><a href=\"https:\/\/networklobby.org\/marynovakbio\/\"><span style=\"font-weight: 400;\">Mary Novak<\/span><\/a><span style=\"font-weight: 400;\">(p\u00e1gina en ingl\u00e9s), directora ejecutiva del NETWORK Lobby for Catholic Social Justice (grupo de presi\u00f3n para la justicia social cat\u00f3lica); el <\/span><a href=\"https:\/\/cdlex.org\/bishop-john-stowe-ofm-conv\/\"><span style=\"font-weight: 400;\">obispo John Stowe, OFM Conv. de Lexington<\/span><\/a><span style=\"font-weight: 400;\">(p\u00e1gina en ingl\u00e9s); y el padre franciscano <\/span><a href=\"https:\/\/www.saintmarys.edu\/spiritual-life\/center-for-spirituality\/contact-us\"><span style=\"font-weight: 400;\">Dan Horan<\/span><\/a><span style=\"font-weight: 400;\">, (p\u00e1gina en ingl\u00e9s), director del Centro de Espiritualidad del Saint Mary's College en Notre Dame, Indiana. El moderador episcopal de la AUSCP, el arzobispo John Wester de Santa Fe, presidi\u00f3 la misa del 21 de junio, y el cardenal Wilton Gregory, arzobispo de Washington, presidi\u00f3 la misa del 22 de junio. La Hna. Michelle Stachowiak, CSSF, sirvi\u00f3 de gu\u00eda contemplativa para los participantes mientras reflexionaban y respond\u00edan a las conferencias magistrales. La Hna. Michelle forma parte del personal de la LCWR, donde se desempe\u00f1a como Directora Asociada para la Colaboraci\u00f3n Misionera.<\/span><\/p><p><span style=\"font-weight: 400;\">Durante su discurso, Mary Novak detall\u00f3 lo fr\u00e1gil que se ha vuelto la democracia estadounidense, e hizo hincapi\u00e9 en la labor de construcci\u00f3n de la paz que es necesaria por parte de la Iglesia de los Estados Unidos en una \u00e9poca de polarizaci\u00f3n creciente que amenaza con desembocar en una violencia a\u00fan mayor. Mary comparti\u00f3 su perspectiva de que las iglesias tienen un importante papel que desempe\u00f1ar como instituciones transversales en las que se siguen reuniendo personas de diferentes generaciones, diferentes etnias y grupos raciales, y diferentes perspectivas pol\u00edticas. \"Las iglesias pueden marcar el camino y decir no a la violencia de cualquier tipo\", dijo. Escuchar a Mary me hizo pensar en nuestras esperanzas en Discerning Deacons para un diaconado renovado. Imaginemos el papel vital que podr\u00edan desempe\u00f1ar los hombres y mujeres di\u00e1conos en nuestras parroquias sinodales, llevando a las personas al di\u00e1logo y al discernimiento continuos sobre las cuestiones m\u00e1s delicadas de nuestros d\u00edas. Para buscar un espacio com\u00fan, el bien com\u00fan y un camino para avanzar juntos.\u00a0<\/span><\/p><p><span style=\"font-weight: 400;\">\u00a0<\/span><span style=\"font-weight: 400;\">Por otra parte, Donna Doucette, directora ejecutiva de <\/span><a href=\"https:\/\/www.votf.org\"><span style=\"font-weight: 400;\">Voice of the Faithful<\/span><\/a><span style=\"font-weight: 400;\">, (Voz de los Fieles - p\u00e1gina en ingl\u00e9s), ha sido nombrada miembro del equipo directivo de la AUSCP. Es esperanzador ver que la AUSCP busca una perspectiva laica y la aportaci\u00f3n de una mujer en su planificaci\u00f3n estrat\u00e9gica y en la toma de decisiones. Es un paso estructural concreto para vivir el esp\u00edritu del Concilio Vaticano II, as\u00ed como el sue\u00f1o de que la sinodalidad fomente la creaci\u00f3n de m\u00e1s oportunidades para el gobierno colaborativo del clero y los laicos.\u00a0<\/span><\/p>\t\t\t\t\t\t\t\t<\/div>\n\t\t\t\t<\/div>\n\t\t\t\t\t<\/div>\n\t\t<\/div>\n\t\t\t\t\t<\/div>\n\t\t<\/section>\n\t\t\t\t<section class=\"elementor-section elementor-top-section elementor-element elementor-element-3f427f7 elementor-section-boxed elementor-section-height-default elementor-section-height-default\" data-id=\"3f427f7\" data-element_type=\"section\" data-e-type=\"section\" data-settings=\"{&quot;jet_parallax_layout_list&quot;:[]}\">\n\t\t\t\t\t\t<div class=\"elementor-container elementor-column-gap-default\">\n\t\t\t\t\t<div class=\"elementor-column elementor-col-100 elementor-top-column elementor-element elementor-element-26d8ff9\" data-id=\"26d8ff9\" data-element_type=\"column\" data-e-type=\"column\">\n\t\t\t<div class=\"elementor-widget-wrap elementor-element-populated\">\n\t\t\t\t\t\t<div class=\"elementor-element elementor-element-1216a3e elementor-widget elementor-widget-gallery\" data-id=\"1216a3e\" data-element_type=\"widget\" data-e-type=\"widget\" data-settings=\"{&quot;columns&quot;:5,&quot;overlay_title&quot;:&quot;title&quot;,&quot;overlay_description&quot;:&quot;caption&quot;,&quot;lazyload&quot;:&quot;yes&quot;,&quot;gallery_layout&quot;:&quot;grid&quot;,&quot;columns_tablet&quot;:2,&quot;columns_mobile&quot;:1,&quot;gap&quot;:{&quot;unit&quot;:&quot;px&quot;,&quot;size&quot;:10,&quot;sizes&quot;:[]},&quot;gap_tablet&quot;:{&quot;unit&quot;:&quot;px&quot;,&quot;size&quot;:10,&quot;sizes&quot;:[]},&quot;gap_mobile&quot;:{&quot;unit&quot;:&quot;px&quot;,&quot;size&quot;:10,&quot;sizes&quot;:[]},&quot;link_to&quot;:&quot;file&quot;,&quot;aspect_ratio&quot;:&quot;3:2&quot;,&quot;overlay_background&quot;:&quot;yes&quot;,&quot;content_hover_animation&quot;:&quot;fade-in&quot;}\" data-widget_type=\"gallery.default\">\n\t\t\t\t<div class=\"elementor-widget-container\">\n\t\t\t\t\t\t\t<div class=\"elementor-gallery__container\">\n\t\t\t\t\t\t\t<a class=\"e-gallery-item elementor-gallery-item elementor-animated-content\" href=\"https:\/\/discerningdeacons.org\/wp-content\/uploads\/2022\/06\/AUSCP-June2022-scaled.jpg\" data-elementor-open-lightbox=\"yes\" data-elementor-lightbox-slideshow=\"1216a3e\" data-elementor-lightbox-title=\"2022 AUSCP Assembly\" data-elementor-lightbox-description=\"Pat Ball, DD Synodal Animator &amp; Ellie Hidalgo, DD co-director, at the 2022 AUSCP Assembly\" data-e-action-hash=\"#elementor-action%3Aaction%3Dlightbox%26settings%3DeyJpZCI6NzQwOSwidXJsIjoiaHR0cHM6XC9cL2Rpc2Nlcm5pbmdkZWFjb25zLm9yZ1wvd3AtY29udGVudFwvdXBsb2Fkc1wvMjAyMlwvMDZcL0FVU0NQLUp1bmUyMDIyLXNjYWxlZC5qcGciLCJzbGlkZXNob3ciOiIxMjE2YTNlIn0%3D\">\n\t\t\t\t\t<div class=\"e-gallery-image elementor-gallery-item__image\" data-thumbnail=\"https:\/\/discerningdeacons.org\/wp-content\/uploads\/2022\/06\/AUSCP-June2022-300x225.jpg\" data-width=\"300\" data-height=\"225\" aria-label=\"\" role=\"img\" ><\/div>\n\t\t\t\t\t\t\t\t\t\t\t<div class=\"elementor-gallery-item__overlay\"><\/div>\n\t\t\t\t\t\t\t\t\t\t\t\t\t\t\t<div class=\"elementor-gallery-item__content\">\n\t\t\t\t\t\t\t\t\t\t\t\t\t\t<div class=\"elementor-gallery-item__title\">\n\t\t\t\t\t\t\t\t\t\t\t\t\t\t\t\t\t\tAsamblea de la AUSCP 2022\t\t\t\t\t\t\t\t<\/div>\n\t\t\t\t\t\t\t\t\t\t\t\t\t\t\t<div class=\"elementor-gallery-item__description\">\n\t\t\t\t\t\t\t\t\t\t\t\t\t\t\t\t\t\tPat Ball & Ellie Hidalgo\t\t\t\t\t\t\t\t<\/div>\n\t\t\t\t\t\t\t\t\t\t\t\t<\/div>\n\t\t\t\t\t\t\t\t\t<\/a>\n\t\t\t\t\t\t\t<a class=\"e-gallery-item elementor-gallery-item elementor-animated-content\" href=\"https:\/\/discerningdeacons.org\/wp-content\/uploads\/2022\/06\/Mary-Novak-scaled.jpg\" data-elementor-open-lightbox=\"yes\" data-elementor-lightbox-slideshow=\"1216a3e\" data-elementor-lightbox-title=\"2022 AUSCP Assembly\" data-elementor-lightbox-description=\"Mary Novak, executive director of the NETWORK Lobby for Catholic Social Justice at the 2022 AUSCP Assembly\" data-e-action-hash=\"#elementor-action%3Aaction%3Dlightbox%26settings%3DeyJpZCI6NzQwOCwidXJsIjoiaHR0cHM6XC9cL2Rpc2Nlcm5pbmdkZWFjb25zLm9yZ1wvd3AtY29udGVudFwvdXBsb2Fkc1wvMjAyMlwvMDZcL01hcnktTm92YWstc2NhbGVkLmpwZyIsInNsaWRlc2hvdyI6IjEyMTZhM2UifQ%3D%3D\">\n\t\t\t\t\t<div class=\"e-gallery-image elementor-gallery-item__image\" data-thumbnail=\"https:\/\/discerningdeacons.org\/wp-content\/uploads\/2022\/06\/Mary-Novak-300x225.jpg\" data-width=\"300\" data-height=\"225\" aria-label=\"\" role=\"img\" ><\/div>\n\t\t\t\t\t\t\t\t\t\t\t<div class=\"elementor-gallery-item__overlay\"><\/div>\n\t\t\t\t\t\t\t\t\t\t\t\t\t\t\t<div class=\"elementor-gallery-item__content\">\n\t\t\t\t\t\t\t\t\t\t\t\t\t\t<div class=\"elementor-gallery-item__title\">\n\t\t\t\t\t\t\t\t\t\t\t\t\t\t\t\t\t\tAsamblea de la AUSCP 2022\t\t\t\t\t\t\t\t<\/div>\n\t\t\t\t\t\t\t\t\t\t\t\t\t\t\t<div class=\"elementor-gallery-item__description\">\n\t\t\t\t\t\t\t\t\t\t\t\t\t\t\t\t\t\tMary Novak\t\t\t\t\t\t\t\t<\/div>\n\t\t\t\t\t\t\t\t\t\t\t\t<\/div>\n\t\t\t\t\t\t\t\t\t<\/a>\n\t\t\t\t\t\t\t<a class=\"e-gallery-item elementor-gallery-item elementor-animated-content\" href=\"https:\/\/discerningdeacons.org\/es\/witness\/fr-michael-hickin\/\" data-elementor-open-lightbox=\"yes\" data-elementor-lightbox-slideshow=\"1216a3e\" data-elementor-lightbox-title=\"2022 AUSCP Assembly\" data-elementor-lightbox-description=\"Fr. Michael Hickin, pastorof three churches  in the Diocese of Fargo and member of the AUSCP leadership team\" data-e-action-hash=\"#elementor-action%3Aaction%3Dlightbox%26settings%3DeyJpZCI6NzQwNywidXJsIjoiaHR0cHM6XC9cL2Rpc2Nlcm5pbmdkZWFjb25zLm9yZ1wvd3AtY29udGVudFwvdXBsb2Fkc1wvMjAyMlwvMDZcL0ZyLi1NaWNoYWVsLUhpY2tpbi1zY2FsZWQuanBnIiwic2xpZGVzaG93IjoiMTIxNmEzZSJ9\">\n\t\t\t\t\t<div class=\"e-gallery-image elementor-gallery-item__image\" data-thumbnail=\"https:\/\/discerningdeacons.org\/wp-content\/uploads\/2022\/06\/Fr.-Michael-Hickin-300x225.jpg\" data-width=\"300\" data-height=\"225\" aria-label=\"\" role=\"img\" ><\/div>\n\t\t\t\t\t\t\t\t\t\t\t<div class=\"elementor-gallery-item__overlay\"><\/div>\n\t\t\t\t\t\t\t\t\t\t\t\t\t\t\t<div class=\"elementor-gallery-item__content\">\n\t\t\t\t\t\t\t\t\t\t\t\t\t\t<div class=\"elementor-gallery-item__title\">\n\t\t\t\t\t\t\t\t\t\t\t\t\t\t\t\t\t\tAsamblea de la AUSCP 2022\t\t\t\t\t\t\t\t<\/div>\n\t\t\t\t\t\t\t\t\t\t\t\t\t\t\t<div class=\"elementor-gallery-item__description\">\n\t\t\t\t\t\t\t\t\t\t\t\t\t\t\t\t\t\tP. Michael Hickin\t\t\t\t\t\t\t\t<\/div>\n\t\t\t\t\t\t\t\t\t\t\t\t<\/div>\n\t\t\t\t\t\t\t\t\t<\/a>\n\t\t\t\t\t\t\t<a class=\"e-gallery-item elementor-gallery-item elementor-animated-content\" href=\"https:\/\/discerningdeacons.org\/wp-content\/uploads\/2022\/06\/Cardinal-Peter-Turkson-scaled.jpg\" data-elementor-open-lightbox=\"yes\" data-elementor-lightbox-slideshow=\"1216a3e\" data-elementor-lightbox-title=\"2022 AUSCP Assembly\" data-elementor-lightbox-description=\"Cardinal Peter Tuckson, new chancellor of the Pontifical Academy of Sciences and the Pontifical Academy of Social Sciences\" data-e-action-hash=\"#elementor-action%3Aaction%3Dlightbox%26settings%3DeyJpZCI6NzQwNiwidXJsIjoiaHR0cHM6XC9cL2Rpc2Nlcm5pbmdkZWFjb25zLm9yZ1wvd3AtY29udGVudFwvdXBsb2Fkc1wvMjAyMlwvMDZcL0NhcmRpbmFsLVBldGVyLVR1cmtzb24tc2NhbGVkLmpwZyIsInNsaWRlc2hvdyI6IjEyMTZhM2UifQ%3D%3D\">\n\t\t\t\t\t<div class=\"e-gallery-image elementor-gallery-item__image\" data-thumbnail=\"https:\/\/discerningdeacons.org\/wp-content\/uploads\/2022\/06\/Cardinal-Peter-Turkson-225x300.jpg\" data-width=\"225\" data-height=\"300\" aria-label=\"\" role=\"img\" ><\/div>\n\t\t\t\t\t\t\t\t\t\t\t<div class=\"elementor-gallery-item__overlay\"><\/div>\n\t\t\t\t\t\t\t\t\t\t\t\t\t\t\t<div class=\"elementor-gallery-item__content\">\n\t\t\t\t\t\t\t\t\t\t\t\t\t\t<div class=\"elementor-gallery-item__title\">\n\t\t\t\t\t\t\t\t\t\t\t\t\t\t\t\t\t\tAsamblea de la AUSCP 2022\t\t\t\t\t\t\t\t<\/div>\n\t\t\t\t\t\t\t\t\t\t\t\t\t\t\t<div class=\"elementor-gallery-item__description\">\n\t\t\t\t\t\t\t\t\t\t\t\t\t\t\t\t\t\tCardinal Peter Tuckson\t\t\t\t\t\t\t\t<\/div>\n\t\t\t\t\t\t\t\t\t\t\t\t<\/div>\n\t\t\t\t\t\t\t\t\t<\/a>\n\t\t\t\t\t\t\t<a class=\"e-gallery-item elementor-gallery-item elementor-animated-content\" href=\"https:\/\/discerningdeacons.org\/wp-content\/uploads\/2022\/06\/Booth-at-AUSCP-scaled.jpg\" data-elementor-open-lightbox=\"yes\" data-elementor-lightbox-slideshow=\"1216a3e\" data-elementor-lightbox-title=\"2022 AUSCP Assembly\" data-elementor-lightbox-description=\"Discerning Deacons exhibition booth at the 2022 AUSCP Assembly\" data-e-action-hash=\"#elementor-action%3Aaction%3Dlightbox%26settings%3DeyJpZCI6NzQwNSwidXJsIjoiaHR0cHM6XC9cL2Rpc2Nlcm5pbmdkZWFjb25zLm9yZ1wvd3AtY29udGVudFwvdXBsb2Fkc1wvMjAyMlwvMDZcL0Jvb3RoLWF0LUFVU0NQLXNjYWxlZC5qcGciLCJzbGlkZXNob3ciOiIxMjE2YTNlIn0%3D\">\n\t\t\t\t\t<div class=\"e-gallery-image elementor-gallery-item__image\" data-thumbnail=\"https:\/\/discerningdeacons.org\/wp-content\/uploads\/2022\/06\/Booth-at-AUSCP-300x225.jpg\" data-width=\"300\" data-height=\"225\" aria-label=\"\" role=\"img\" ><\/div>\n\t\t\t\t\t\t\t\t\t\t\t<div class=\"elementor-gallery-item__overlay\"><\/div>\n\t\t\t\t\t\t\t\t\t\t\t\t\t\t\t<div class=\"elementor-gallery-item__content\">\n\t\t\t\t\t\t\t\t\t\t\t\t\t\t<div class=\"elementor-gallery-item__title\">\n\t\t\t\t\t\t\t\t\t\t\t\t\t\t\t\t\t\tAsamblea de la AUSCP 2022\t\t\t\t\t\t\t\t<\/div>\n\t\t\t\t\t\t\t\t\t\t\t\t\t\t\t<div class=\"elementor-gallery-item__description\">\n\t\t\t\t\t\t\t\t\t\t\t\t\t\t\t\t\t\tPuesto de DD\t\t\t\t\t\t\t\t<\/div>\n\t\t\t\t\t\t\t\t\t\t\t\t<\/div>\n\t\t\t\t\t\t\t\t\t<\/a>\n\t\t\t\t\t<\/div>\n\t\t\t\t\t<\/div>\n\t\t\t\t<\/div>\n\t\t\t\t\t<\/div>\n\t\t<\/div>\n\t\t\t\t\t<\/div>\n\t\t<\/section>\n\t\t\t\t<\/div>","protected":false},"excerpt":{"rendered":"<p>Discerning Deacons was delighted to host two colloquium discussions about women and the diaconate and an exhibitor\u2019s booth at the annual assembly of the Association of U.S. Catholic Priests (AUSCP) in Baltimore, June 20-23. The assembly drew more than 150 priests, in addition to lay and religious supporters. AUSCP priests are known for their ongoing [&hellip;]<\/p>\n","protected":false},"author":7,"featured_media":7409,"comment_status":"open","ping_status":"open","sticky":false,"template":"","format":"standard","meta":{"_acf_changed":false,"give_campaign_id":0,"om_disable_all_campaigns":false,"cybocfi_hide_featured_image":"","footnotes":""},"categories":[16,1],"tags":[],"witness-tag":[],"class_list":["post-7402","post","type-post","status-publish","format-standard","has-post-thumbnail","hentry","category-blog","category-news"],"acf":[],"aioseo_notices":[],"_links":{"self":[{"href":"https:\/\/discerningdeacons.org\/es\/wp-json\/wp\/v2\/posts\/7402","targetHints":{"allow":["GET"]}}],"collection":[{"href":"https:\/\/discerningdeacons.org\/es\/wp-json\/wp\/v2\/posts"}],"about":[{"href":"https:\/\/discerningdeacons.org\/es\/wp-json\/wp\/v2\/types\/post"}],"author":[{"embeddable":true,"href":"https:\/\/discerningdeacons.org\/es\/wp-json\/wp\/v2\/users\/7"}],"replies":[{"embeddable":true,"href":"https:\/\/discerningdeacons.org\/es\/wp-json\/wp\/v2\/comments?post=7402"}],"version-history":[{"count":0,"href":"https:\/\/discerningdeacons.org\/es\/wp-json\/wp\/v2\/posts\/7402\/revisions"}],"wp:featuredmedia":[{"embeddable":true,"href":"https:\/\/discerningdeacons.org\/es\/wp-json\/wp\/v2\/media\/7409"}],"wp:attachment":[{"href":"https:\/\/discerningdeacons.org\/es\/wp-json\/wp\/v2\/media?parent=7402"}],"wp:term":[{"taxonomy":"category","embeddable":true,"href":"https:\/\/discerningdeacons.org\/es\/wp-json\/wp\/v2\/categories?post=7402"},{"taxonomy":"post_tag","embeddable":true,"href":"https:\/\/discerningdeacons.org\/es\/wp-json\/wp\/v2\/tags?post=7402"},{"taxonomy":"witness-tag","embeddable":true,"href":"https:\/\/discerningdeacons.org\/es\/wp-json\/wp\/v2\/witness-tag?post=7402"}],"curies":[{"name":"wp","href":"https:\/\/api.w.org\/{rel}","templated":true}]}}