{"id":7640,"date":"2022-07-27T14:58:46","date_gmt":"2022-07-27T14:58:46","guid":{"rendered":"https:\/\/discerningdeacons.org\/?p=7640"},"modified":"2023-01-10T00:04:41","modified_gmt":"2023-01-10T00:04:41","slug":"ignatian-spirituality","status":"publish","type":"post","link":"https:\/\/discerningdeacons.org\/es\/ignatian-spirituality\/","title":{"rendered":"Dando gracias por los dones de la Espiritualidad Ignaciana"},"content":{"rendered":"<div data-elementor-type=\"wp-post\" data-elementor-id=\"7640\" class=\"elementor elementor-7640\" data-elementor-post-type=\"post\">\n\t\t\t\t\t\t<section class=\"elementor-section elementor-top-section elementor-element elementor-element-38afa278 elementor-section-boxed elementor-section-height-default elementor-section-height-default\" data-id=\"38afa278\" data-element_type=\"section\" data-e-type=\"section\" data-settings=\"{&quot;jet_parallax_layout_list&quot;:[]}\">\n\t\t\t\t\t\t<div class=\"elementor-container elementor-column-gap-default\">\n\t\t\t\t\t<div class=\"elementor-column elementor-col-100 elementor-top-column elementor-element elementor-element-749b33e0\" data-id=\"749b33e0\" data-element_type=\"column\" data-e-type=\"column\">\n\t\t\t<div class=\"elementor-widget-wrap elementor-element-populated\">\n\t\t\t\t\t\t<div class=\"elementor-element elementor-element-4f005547 elementor-widget elementor-widget-text-editor\" data-id=\"4f005547\" data-element_type=\"widget\" data-e-type=\"widget\" data-widget_type=\"text-editor.default\">\n\t\t\t\t<div class=\"elementor-widget-container\">\n\t\t\t\t\t\t\t\t\t<p><span style=\"font-weight: 400;\">Desde hace m\u00e1s de 500 a\u00f1os, las mujeres han encontrado la alegr\u00eda de recibir y compartir los dones de la espiritualidad ignaciana, y han encontrado maneras de involucrarse profundamente en la misi\u00f3n ignaciana en el mundo de hoy. Al acercarnos a la fiesta de San Ignacio y al final del A\u00f1o Ignaciano que marca 500 a\u00f1os desde la experiencia de conversi\u00f3n de Ignacio, compartimos con ustedes una imagen de una nueva instalaci\u00f3n art\u00edstica en la ciudad de Manresa, Barcelona. Titulada \"Acollida, Manresa\", refleja el esp\u00edritu de acogida que tuvo Ignacio cuando lleg\u00f3 a la ciudad en 1523. La escultura recuerda a las mujeres de Manresa que brindaron su hospitalidad a \u00cd\u00f1igo, el peregrino, representado por su cuenco de mendigo extendido y las manos de las mujeres que lo recibieron. La puerta abierta est\u00e1 impresa con el saco y la cuerda de peregrino de \u00cd\u00f1igo y la mantiene abierta una mujer contempor\u00e1nea, d\u00e1ndole la bienvenida a \u00cd\u00f1igo, y a todos los peregrinos modernos, a la experiencia transformadora de Manresa.<\/span><\/p>\t\t\t\t\t\t\t\t<\/div>\n\t\t\t\t<\/div>\n\t\t\t\t\t<\/div>\n\t\t<\/div>\n\t\t\t\t\t<\/div>\n\t\t<\/section>\n\t\t\t\t<section class=\"elementor-section elementor-top-section elementor-element elementor-element-a1bc445 elementor-section-boxed elementor-section-height-default elementor-section-height-default\" data-id=\"a1bc445\" data-element_type=\"section\" data-e-type=\"section\" data-settings=\"{&quot;jet_parallax_layout_list&quot;:[]}\">\n\t\t\t\t\t\t<div class=\"elementor-container elementor-column-gap-default\">\n\t\t\t\t\t<div class=\"elementor-column elementor-col-50 elementor-top-column elementor-element elementor-element-40b6313\" data-id=\"40b6313\" data-element_type=\"column\" data-e-type=\"column\">\n\t\t\t<div class=\"elementor-widget-wrap elementor-element-populated\">\n\t\t\t\t\t\t<div class=\"elementor-element elementor-element-cc446f8 elementor-widget elementor-widget-text-editor\" data-id=\"cc446f8\" data-element_type=\"widget\" data-e-type=\"widget\" data-widget_type=\"text-editor.default\">\n\t\t\t\t<div class=\"elementor-widget-container\">\n\t\t\t\t\t\t\t\t\t<p><span style=\"font-weight: 400;\">-<\/span><\/p><p><span style=\"font-weight: 400;\">Encontr\u00e9 esta poderosa escultura al final de un largo viaje por el Camino Ignaciano en Espa\u00f1a. Caminando con otros 13 peregrinos de la Iglesia de San Ignacio de Loyola en Boston, esper\u00e1bamos seguir los pasos de la propia peregrinaci\u00f3n de Ignacio de 1523 al santuario de La Morenita, Nuestra Se\u00f1ora de Montserrat. En nuestro \u00faltimo d\u00eda de camino, bajamos de Montserrat y entramos en la ciudad de Manresa. Fue aqu\u00ed donde Ignacio experiment\u00f3 una transformaci\u00f3n espiritual que fue tanto personal como comunitaria. El c\u00edrculo de mujeres que encontr\u00f3 aqu\u00ed apoy\u00f3 e instruy\u00f3 su nuevo entendimiento del servicio en respuesta al amor de Dios. Fue tambi\u00e9n en Manresa donde Ignacio comparti\u00f3 sus Ejercicios Espirituales con mujeres, que se inspiraron para responder con libertad interior al servicio de los m\u00e1s necesitados. Este grupo de mujeres se llam\u00f3 a s\u00ed mismo las \u00cd\u00f1igas, y sirvi\u00f3 a los pobres y enfermos en el hospicio de Santa Luc\u00eda junto a Ignacio. <\/span><span style=\"font-weight: 400;\">the poor and sick in the hospice of St. Lucia alongside Ignatius.<\/span><\/p>\t\t\t\t\t\t\t\t<\/div>\n\t\t\t\t<\/div>\n\t\t\t\t\t<\/div>\n\t\t<\/div>\n\t\t\t\t<div class=\"elementor-column elementor-col-50 elementor-top-column elementor-element elementor-element-50b2108\" data-id=\"50b2108\" data-element_type=\"column\" data-e-type=\"column\">\n\t\t\t<div class=\"elementor-widget-wrap elementor-element-populated\">\n\t\t\t\t\t\t<div class=\"elementor-element elementor-element-74ef9ae dce_masking-none elementor-widget elementor-widget-image\" data-id=\"74ef9ae\" data-element_type=\"widget\" data-e-type=\"widget\" data-widget_type=\"image.default\">\n\t\t\t\t<div class=\"elementor-widget-container\">\n\t\t\t\t\t\t\t\t\t\t\t\t<figure class=\"wp-caption\">\n\t\t\t\t\t\t\t\t\t\t<img fetchpriority=\"high\" decoding=\"async\" width=\"728\" height=\"1024\" src=\"https:\/\/discerningdeacons.org\/wp-content\/uploads\/2022\/07\/Manresa-Sculpture-2022-Kathy-Maher-scaled-e1658849507401-728x1024.jpg\" class=\"attachment-large size-large wp-image-7642\" alt=\"\" srcset=\"https:\/\/discerningdeacons.org\/wp-content\/uploads\/2022\/07\/Manresa-Sculpture-2022-Kathy-Maher-scaled-e1658849507401-728x1024.jpg 728w, https:\/\/discerningdeacons.org\/wp-content\/uploads\/2022\/07\/Manresa-Sculpture-2022-Kathy-Maher-scaled-e1658849507401-600x843.jpg 600w, https:\/\/discerningdeacons.org\/wp-content\/uploads\/2022\/07\/Manresa-Sculpture-2022-Kathy-Maher-scaled-e1658849507401-213x300.jpg 213w, https:\/\/discerningdeacons.org\/wp-content\/uploads\/2022\/07\/Manresa-Sculpture-2022-Kathy-Maher-scaled-e1658849507401-768x1080.jpg 768w, https:\/\/discerningdeacons.org\/wp-content\/uploads\/2022\/07\/Manresa-Sculpture-2022-Kathy-Maher-scaled-e1658849507401-1093x1536.jpg 1093w, https:\/\/discerningdeacons.org\/wp-content\/uploads\/2022\/07\/Manresa-Sculpture-2022-Kathy-Maher-scaled-e1658849507401-1457x2048.jpg 1457w, https:\/\/discerningdeacons.org\/wp-content\/uploads\/2022\/07\/Manresa-Sculpture-2022-Kathy-Maher-scaled-e1658849507401-9x12.jpg 9w, https:\/\/discerningdeacons.org\/wp-content\/uploads\/2022\/07\/Manresa-Sculpture-2022-Kathy-Maher-scaled-e1658849507401.jpg 1725w\" sizes=\"(max-width: 728px) 100vw, 728px\" \/>\t\t\t\t\t\t\t\t\t\t\t<figcaption class=\"widget-image-caption wp-caption-text\">\"L'Acollida\" (the reception), sculpture by Ramon Oms in Pla\u00e7a Fius i Pal\u00e0 in Manresa. Photo by Kathy Maher<\/figcaption>\n\t\t\t\t\t\t\t\t\t\t<\/figure>\n\t\t\t\t\t\t\t\t\t<\/div>\n\t\t\t\t<\/div>\n\t\t\t\t\t<\/div>\n\t\t<\/div>\n\t\t\t\t\t<\/div>\n\t\t<\/section>\n\t\t\t\t<section class=\"elementor-section elementor-top-section elementor-element elementor-element-56377e7 elementor-section-boxed elementor-section-height-default elementor-section-height-default\" data-id=\"56377e7\" data-element_type=\"section\" data-e-type=\"section\" data-settings=\"{&quot;jet_parallax_layout_list&quot;:[]}\">\n\t\t\t\t\t\t<div class=\"elementor-container elementor-column-gap-default\">\n\t\t\t\t\t<div class=\"elementor-column elementor-col-100 elementor-top-column elementor-element elementor-element-9756758\" data-id=\"9756758\" data-element_type=\"column\" data-e-type=\"column\">\n\t\t\t<div class=\"elementor-widget-wrap elementor-element-populated\">\n\t\t\t\t\t\t<div class=\"elementor-element elementor-element-9257432 elementor-widget elementor-widget-text-editor\" data-id=\"9257432\" data-element_type=\"widget\" data-e-type=\"widget\" data-widget_type=\"text-editor.default\">\n\t\t\t\t<div class=\"elementor-widget-container\">\n\t\t\t\t\t\t\t\t\t<p>Al recibir el \u00faltimo sello de nuestro pasaporte de peregrino, el esp\u00edritu de bienvenida de \"Accollida, Manresa\" fuera de la Oficina de Recepci\u00f3n de Peregrinos me invit\u00f3 a recordar que la visi\u00f3n espiritual de Ignacio siempre ha sido una \"puerta abierta\" para las mujeres y los hombres que vislumbran posibilidades de colaboraci\u00f3n en el ministerio. Al celebrar la fiesta de San Ignacio, estamos agradecidas por los dones de la espiritualidad ignaciana, y el camino hacia una comprensi\u00f3n m\u00e1s profunda del servicio en respuesta al amor de Dios.<\/p>\t\t\t\t\t\t\t\t<\/div>\n\t\t\t\t<\/div>\n\t\t\t\t\t<\/div>\n\t\t<\/div>\n\t\t\t\t\t<\/div>\n\t\t<\/section>\n\t\t\t\t<section class=\"elementor-section elementor-top-section elementor-element elementor-element-2b09012 elementor-section-boxed elementor-section-height-default elementor-section-height-default\" data-id=\"2b09012\" data-element_type=\"section\" data-e-type=\"section\" data-settings=\"{&quot;jet_parallax_layout_list&quot;:[]}\">\n\t\t\t\t\t\t<div class=\"elementor-container elementor-column-gap-default\">\n\t\t\t\t\t<div class=\"elementor-column elementor-col-100 elementor-top-column elementor-element elementor-element-e6b5285\" data-id=\"e6b5285\" data-element_type=\"column\" data-e-type=\"column\">\n\t\t\t<div class=\"elementor-widget-wrap elementor-element-populated\">\n\t\t\t\t\t\t<div class=\"elementor-element elementor-element-b1c2d2c elementor-widget-divider--view-line elementor-widget elementor-widget-divider\" data-id=\"b1c2d2c\" data-element_type=\"widget\" data-e-type=\"widget\" data-widget_type=\"divider.default\">\n\t\t\t\t<div class=\"elementor-widget-container\">\n\t\t\t\t\t\t\t<div class=\"elementor-divider\">\n\t\t\t<span class=\"elementor-divider-separator\">\n\t\t\t\t\t\t<\/span>\n\t\t<\/div>\n\t\t\t\t\t\t<\/div>\n\t\t\t\t<\/div>\n\t\t\t\t\t<\/div>\n\t\t<\/div>\n\t\t\t\t\t<\/div>\n\t\t<\/section>\n\t\t\t\t<section class=\"elementor-section elementor-top-section elementor-element elementor-element-05feaac elementor-section-boxed elementor-section-height-default elementor-section-height-default\" data-id=\"05feaac\" data-element_type=\"section\" data-e-type=\"section\" data-settings=\"{&quot;jet_parallax_layout_list&quot;:[]}\">\n\t\t\t\t\t\t<div class=\"elementor-container elementor-column-gap-default\">\n\t\t\t\t\t<div class=\"elementor-column elementor-col-100 elementor-top-column elementor-element elementor-element-c561cb9\" data-id=\"c561cb9\" data-element_type=\"column\" data-e-type=\"column\">\n\t\t\t<div class=\"elementor-widget-wrap elementor-element-populated\">\n\t\t\t\t\t\t<div class=\"elementor-element elementor-element-671463e elementor-widget elementor-widget-author-box\" data-id=\"671463e\" data-element_type=\"widget\" data-e-type=\"widget\" data-widget_type=\"author-box.default\">\n\t\t\t\t<div class=\"elementor-widget-container\">\n\t\t\t\t\t\t\t<div class=\"elementor-author-box\">\n\t\t\t\t\t\t\t<div  class=\"elementor-author-box__avatar\">\n\t\t\t\t\t<img decoding=\"async\" src=\"https:\/\/discerningdeacons.org\/wp-content\/uploads\/2022\/07\/Kathy-Maher-e1658849623781-300x298.jpg\" alt=\"Picture of Kathy Maher\" loading=\"lazy\">\n\t\t\t\t<\/div>\n\t\t\t\n\t\t\t<div class=\"elementor-author-box__text\">\n\t\t\t\t\t\t\t\t\t<div >\n\t\t\t\t\t\t<h4 class=\"elementor-author-box__name\">\n\t\t\t\t\t\t\tKathy Maher\t\t\t\t\t\t<\/h4>\n\t\t\t\t\t<\/div>\n\t\t\t\t\n\t\t\t\t\t\t\t\t\t<div class=\"elementor-author-box__bio\">\n\t\t\t\t\t\t<p>Directora de Programas Ignacianos<br \/>\nIglesia de San Ignacio de Loyola<br \/>\nChestnut Hill, Massachusetts <\/p>\n\t\t\t\t\t<\/div>\n\t\t\t\t\n\t\t\t\t\t\t\t<\/div>\n\t\t<\/div>\n\t\t\t\t\t\t<\/div>\n\t\t\t\t<\/div>\n\t\t\t\t\t<\/div>\n\t\t<\/div>\n\t\t\t\t\t<\/div>\n\t\t<\/section>\n\t\t\t\t<section class=\"elementor-section elementor-top-section elementor-element elementor-element-be7a529 elementor-section-boxed elementor-section-height-default elementor-section-height-default\" data-id=\"be7a529\" data-element_type=\"section\" data-e-type=\"section\" data-settings=\"{&quot;jet_parallax_layout_list&quot;:[]}\">\n\t\t\t\t\t\t<div class=\"elementor-container elementor-column-gap-default\">\n\t\t\t\t\t<div class=\"elementor-column elementor-col-100 elementor-top-column elementor-element elementor-element-715344a\" data-id=\"715344a\" data-element_type=\"column\" data-e-type=\"column\">\n\t\t\t<div class=\"elementor-widget-wrap elementor-element-populated\">\n\t\t\t\t\t\t<div class=\"elementor-element elementor-element-b66c032 elementor-widget-divider--view-line elementor-widget elementor-widget-divider\" data-id=\"b66c032\" data-element_type=\"widget\" data-e-type=\"widget\" data-widget_type=\"divider.default\">\n\t\t\t\t<div class=\"elementor-widget-container\">\n\t\t\t\t\t\t\t<div class=\"elementor-divider\">\n\t\t\t<span class=\"elementor-divider-separator\">\n\t\t\t\t\t\t<\/span>\n\t\t<\/div>\n\t\t\t\t\t\t<\/div>\n\t\t\t\t<\/div>\n\t\t\t\t\t<\/div>\n\t\t<\/div>\n\t\t\t\t\t<\/div>\n\t\t<\/section>\n\t\t\t\t<\/div>","protected":false},"excerpt":{"rendered":"<p>For over 500 years, women have found joy in receiving and sharing the gifts of Ignatian spirituality and have found ways to be deeply involved in Ignatian mission in the world today. As we approach the Feast of St. Ignatius and the end of the Ignatian Year which marks 500 years since Ignatius\u2019 conversion experience, [&hellip;]<\/p>\n","protected":false},"author":9,"featured_media":7641,"comment_status":"open","ping_status":"open","sticky":false,"template":"","format":"standard","meta":{"_acf_changed":false,"give_campaign_id":0,"om_disable_all_campaigns":false,"cybocfi_hide_featured_image":"","footnotes":""},"categories":[16,1],"tags":[],"witness-tag":[],"class_list":["post-7640","post","type-post","status-publish","format-standard","has-post-thumbnail","hentry","category-blog","category-news"],"acf":[],"aioseo_notices":[],"_links":{"self":[{"href":"https:\/\/discerningdeacons.org\/es\/wp-json\/wp\/v2\/posts\/7640","targetHints":{"allow":["GET"]}}],"collection":[{"href":"https:\/\/discerningdeacons.org\/es\/wp-json\/wp\/v2\/posts"}],"about":[{"href":"https:\/\/discerningdeacons.org\/es\/wp-json\/wp\/v2\/types\/post"}],"author":[{"embeddable":true,"href":"https:\/\/discerningdeacons.org\/es\/wp-json\/wp\/v2\/users\/9"}],"replies":[{"embeddable":true,"href":"https:\/\/discerningdeacons.org\/es\/wp-json\/wp\/v2\/comments?post=7640"}],"version-history":[{"count":0,"href":"https:\/\/discerningdeacons.org\/es\/wp-json\/wp\/v2\/posts\/7640\/revisions"}],"wp:featuredmedia":[{"embeddable":true,"href":"https:\/\/discerningdeacons.org\/es\/wp-json\/wp\/v2\/media\/7641"}],"wp:attachment":[{"href":"https:\/\/discerningdeacons.org\/es\/wp-json\/wp\/v2\/media?parent=7640"}],"wp:term":[{"taxonomy":"category","embeddable":true,"href":"https:\/\/discerningdeacons.org\/es\/wp-json\/wp\/v2\/categories?post=7640"},{"taxonomy":"post_tag","embeddable":true,"href":"https:\/\/discerningdeacons.org\/es\/wp-json\/wp\/v2\/tags?post=7640"},{"taxonomy":"witness-tag","embeddable":true,"href":"https:\/\/discerningdeacons.org\/es\/wp-json\/wp\/v2\/witness-tag?post=7640"}],"curies":[{"name":"wp","href":"https:\/\/api.w.org\/{rel}","templated":true}]}}